{"id":9297,"date":"2019-10-17T17:22:45","date_gmt":"2019-10-17T20:22:45","guid":{"rendered":"http:\/\/entreriosbasquet.com\/site\/?p=9297"},"modified":"2019-12-16T21:00:06","modified_gmt":"2019-12-17T00:00:06","slug":"amden-me-sedujo-mucho-formar-parte-de-esta-nueva-epoca-de-capuchinos","status":"publish","type":"post","link":"http:\/\/entreriosbasquet.com\/site\/2019\/10\/17\/amden-me-sedujo-mucho-formar-parte-de-esta-nueva-epoca-de-capuchinos\/","title":{"rendered":"Amden: \u00abMe sedujo mucho formar parte de esta nueva \u00e9poca de Capuchinos\u00bb"},"content":{"rendered":"<p style=\"text-align: justify;\">El Entrenador del Centro Ex Alumnos Capuchinos hizo un balance de lo que fue la pretemporada del equipo santo de cara al debut en el Torneo Federal de B\u00e1squet frente a Ferrocarril Concordia el viernes 18 de octubre en el \u00a8Juan de Dios Obreg\u00f3n\u00a8 a las 21:30 horas. Adem\u00e1s el DT de 48 a\u00f1os, \u00a0oriundo de Concepci\u00f3n del Uruguay, dio su punto de vista de distintas temas relacionados con la actualidad del CEAC.<\/p>\n<p style=\"text-align: justify;\"><strong>&#8211;\u00a0\u00a0\u00bfC\u00f3mo se da tu llegada a Capuchinos?<\/strong><\/p>\n<p style=\"text-align: justify;\">&#8211; Se empez\u00f3 a hablar en el mes de agosto y se termin\u00f3 concretando todo bastante r\u00e1pido. Tuvimos un par de semanas de conversaciones respecto a necesidades que hab\u00eda, tanto del club como m\u00edas. Tambi\u00e9n se da gracias a un deseo de la dirigencia de poder contar con algunos nombres, ya que ellos sab\u00edan bien a lo que estaban apuntando. En ese danzar de nombres, nos reunimos, acordamos cuales eran las necesidades de cada una de las partes y en un par de semanas se concret\u00f3 la vinculaci\u00f3n.<\/p>\n<p style=\"text-align: justify;\"><strong>&#8211; \u00bfCu\u00e1les son tus expectativas para esta temporada?<\/strong><\/p>\n<p style=\"text-align: justify;\">&#8211; La realidad es que yo no esperaba ni un llamado ni un inter\u00e9s por el momento y adem\u00e1s yo ten\u00eda una decisi\u00f3n tomada de seguir m\u00e1s vinculado a la Liga Provincial que saltar al profesionalismo. La expectativa pasa porque me sedujo mucho el producto que quer\u00edan armar por as\u00ed llamarlo, con respecto a muchas cosas que van a\u00a0 ser visibles pero tambi\u00e9n a muchas cosas que forman parte de lo invisible, que pronto se van a poder gestar. Peque\u00f1os pasos que quiere ir dando la instituci\u00f3n, en la cual me sedujo no solo para estar metido en lo que es la conducci\u00f3n del equipo del TFB , sino tambi\u00e9n en lo que puede llegar a ser una puesta en valor de las cosas que tiene Capuchinos como entidad. Me sedujo mucho formar parte de esa nueva \u00e9poca, de un cambio que se nota quieren hacer los dirigentes, una \u00e9poca de cambios rotunda. Por mi parte tratar\u00e9 de dar lo mejor de m\u00ed para el equipo del federal, ya con presentismo diario, con resultados, pero tambi\u00e9n poder dar lo mejor de m\u00ed para la organizaci\u00f3n y poder ayudar en esta \u00e9poca de cambios.<\/p>\n<p style=\"text-align: justify;\"><strong>&#8211;\u00a0Adem\u00e1s de lo que es el equipo de TFB, \u00bfte vas a involucrar en otras a\u00e9reas del club?<\/strong><\/p>\n<p style=\"text-align: justify;\">&#8211; Mi g\u00e9nesis se forma en el mini b\u00e1squet a partir de que empec\u00e9 en el club Rocamora de CdU y me dieron esa responsabilidad. A m\u00ed me atrajo mucho esa primera parte donde tanto \u00a8Chiqui\u00a8 Giqueaux y el \u00a8tucumano\u00a8 Gonz\u00e1lez me fueron dando esas responsabilidades y a partir de ah\u00ed empec\u00e9 \u00a0a tener mucha gente que fueron tutores m\u00edos en la formaci\u00f3n, de los que de todos aprend\u00ed y sigo aprendiendo. Cuando tom\u00e9 esto del profesionalismo y volv\u00ed a Rocamora, que es mi club, busqu\u00e9 impactar siempre que pude, no solo en el \u00e1rea en el cual me citaban espec\u00edficamente, sino ser posibilidad para que los dem\u00e1s lugares mejorasen y eso no cambi\u00f3 ni creo que vaya a cambiar por mi g\u00e9nesis, m\u00e1s all\u00e1 de lo que me pidan o no me pidan hay cosas de las que a m\u00ed me gusta formar parte y poder ayudar desde mi conocimiento y mi experiencia para que las estructuras mejoren de abajo hacia arriba sin que eso sea tan lineal. As\u00ed que tambi\u00e9n es una potestad que estamos charlando con los dirigentes para poder ser ordenados desde ah\u00ed y poder mejorar lo que ya est\u00e1 bien pero tambi\u00e9n poder darle un toque de transformaci\u00f3n a esas a\u00e9reas tambi\u00e9n va a ser una de mis funciones.<\/p>\n<p style=\"text-align: justify;\"><strong>&#8211; \u00bfCu\u00e1les son las expectativas para este Torneo Federal?<\/strong><\/p>\n<p style=\"text-align: justify;\">Esta ciudad me predispone de una manera muy especial y es muy importante esta ciudad, me siento muy sustanciado y me siento muy bien ac\u00e1, adem\u00e1s por el hermoso folclore que me tocado cuando ven\u00eda con Rocamora a enfrentar a Estudiantes. Capuchinos ha sufrido un cambio, un poco gestado por lo tarde que hemos tenido que salir al mercado pero sabiendo lo que quer\u00edamos, que era el tener un plantel joven (22 a\u00f1os de promedio), utilizando de la mejor manera los recursos econ\u00f3micos que hab\u00eda pero con una idea clara de lo que se quer\u00eda. A partir de ah\u00ed empezamos a bucear y a encontrar el mejor equipo posible en cuanto a lo que es costo \u2013 beneficio, y pero igual nos fue bastante dif\u00edcil encontrar cuales eran las piezas que quer\u00edamos\u00a0 para poder ensamblar con la idea de juego que ten\u00edamos. Nuestra propuesta va a ser la de tener un equipo con mucha energ\u00eda, esto es claro al tener el promedio de edad que hay. L\u00f3gicamente nada te asegura nada, ni el tener un equipo experimentado te asegura tener la solvencia en determinados momentos de salir de situaciones complejas como lo es el b\u00e1squet pero entendemos que esa frescura la vamos a potenciar sabiendo que no hay una ecuaci\u00f3n que diga esta es la f\u00f3rmula. Sabemos cu\u00e1l es el costo que estamos dispuestos a pagar de las cosas que creemos que no van a suceder y tambi\u00e9n somos conscientes de lo que si pretendemos que suceda y nos haremos cargo, tanto de una como de otra.<\/p>\n<p style=\"text-align: justify;\"><strong>&#8211; \u00bfQu\u00e9 an\u00e1lisis haces de la pretemporada?<\/strong><\/p>\n<p style=\"text-align: justify;\">&#8211; Decidimos hacer una pretemporada m\u00e1s bien corta, ya que al tener la juventud y al ser chicos que vienen todos en actividad hicimos una alineaci\u00f3n de esa parte f\u00edsica. Fue muy buena, de mucho crecimiento, con muchas cosas indeseables como algunas lesiones que nos dejaron muy mal, pero eso tambi\u00e9n sirvi\u00f3 como combustible lamentablemente para poder fortalecernos m\u00e1s algunas cosas que fueron sucediendo que nos hicieron muy bien como grupo. M\u00e1s all\u00e1 del costo que tuvimos que pagar fue alto, nos hicieron muy bien. Llegamos de la mejor manera, con partidos amistosos programados, escasos en los que por ah\u00ed eran antes las pretemporadas pero consideramos que al tener como m\u00ednimo 24 partidos buscamos tener un 20% de los partidos que \u00edbamos a jugar como amistosos y nos parec\u00eda bien, porque somos un equipo que necesita tener en cancha para poder mostrarles una manera de entrenarse y una forma de jugar y que muchas veces los amistosos como disparadores te sirven pero en esto se pueden volver c\u00f3mplices de no afianzar alg\u00fan concepto que tenernos que afianzar. La pretemporada fue dispuesta de esta manera, una vez que tuvimos el equipo de esta manera, programando un amistoso por semana.<\/p>\n<p style=\"text-align: justify;\"><strong>&#8211; \u00bfC\u00f3mo est\u00e1 el equipo hoy para el debut del viernes?<\/strong><\/p>\n<p style=\"text-align: justify;\">&#8211; Hoy por hoy el equipo est\u00e1 en un 50% o 60% de lo que podamos llegar a ver. Hoy le preguntas a los jugadores y ninguno tiene nada y todos quieren jugar, ya que es algo que motiva y que quieren. Las cosas que pasaron y los que chicos se perdieron en alg\u00fan punto algo f\u00edsico lo incorporaron desde lo cognitivo y mirando. Hicimos entrenamientos distintos y dentro del m\u00e9todo que tenemos pudimos incorporar\u00a0 a los chicos, m\u00e1s all\u00e1 de que algunas cosas en lo f\u00edsico no pod\u00edan hacer. Marco (Bosch) volvi\u00f3 a jugar la semana pasada y es como que \u00e9l estuvo. Si bien le falta algo de ritmo pero lo est\u00e1 tomando. Lo mismo pasa con Gabriel (Hermosilla) y precisamente esos son los pro que te dan estas cosas de tener un equipo joven, vers\u00e1til y atl\u00e9tico, que te hacer ver que aunque se perdieron una o dos semanas hoy vuelven como si nada, porque su f\u00edsico se los permite. As\u00ed que hoy por hoy estamos para contar con todos y no tenemos excusa para no estar de la mejor manera. Estas son las cosas que te fortalecen si las miras desde un costado optimista sabiendo que hay cosas que no pudimos hacer.<\/p>\n<p style=\"text-align: justify;\"><strong>&#8211; \u00bfQu\u00e9 opini\u00f3n tenes de la Divisi\u00f3n Entre R\u00edos?<\/strong><\/p>\n<p style=\"text-align: justify;\">&#8211; Es la primera vez que tengo que armar un equipo par\u00e1ndome en las ligas de desarrollo o la liga provincial o con jugadores de ligas locales, pero par\u00e1ndome en esto el inter\u00e9s y la predisposici\u00f3n que hay en los jugadores de distintas provincias en venir a jugar a Entre R\u00edos, quiz\u00e1s resignado dinero para poder estar en esta divisi\u00f3n es incre\u00edble. Jugadores que pueden estar en banco de Liga A o en otra categor\u00eda y elijen venir ac\u00e1 muestra a las claras como se vive esta zona en los representantes, en los jugadores, en los clubes. Todos quieren venir porque es muy competitiva. Obviamente no hay un Central Entrerriano como la temporada pasada pero guarda que Entre R\u00edos siempre es protagonista y creo que hay formaciones que se repitieron, hay muy buenos equipos que se han formado. Va a ser fuert\u00edsima y muy pareja. Entre R\u00edos siempre va a estar en el nivel que se merece.<\/p>\n","protected":false},"excerpt":{"rendered":"<p>El Entrenador del Centro Ex Alumnos Capuchinos hizo un balance de lo que fue la pretemporada del equipo santo de cara al debut en el Torneo Federal de B\u00e1squet frente a Ferrocarril Concordia el viernes 18 de octubre en el \u00a8Juan de Dios Obreg\u00f3n\u00a8 a las 21:30 horas. Adem\u00e1s el DT de 48 a\u00f1os, \u00a0oriundo [&hellip;]<\/p>\n","protected":false},"author":5,"featured_media":9298,"comment_status":"closed","ping_status":"open","sticky":false,"template":"","format":"standard","meta":[],"categories":[16],"tags":[191,280,29],"_links":{"self":[{"href":"http:\/\/entreriosbasquet.com\/site\/wp-json\/wp\/v2\/posts\/9297"}],"collection":[{"href":"http:\/\/entreriosbasquet.com\/site\/wp-json\/wp\/v2\/posts"}],"about":[{"href":"http:\/\/entreriosbasquet.com\/site\/wp-json\/wp\/v2\/types\/post"}],"author":[{"embeddable":true,"href":"http:\/\/entreriosbasquet.com\/site\/wp-json\/wp\/v2\/users\/5"}],"replies":[{"embeddable":true,"href":"http:\/\/entreriosbasquet.com\/site\/wp-json\/wp\/v2\/comments?post=9297"}],"version-history":[{"count":1,"href":"http:\/\/entreriosbasquet.com\/site\/wp-json\/wp\/v2\/posts\/9297\/revisions"}],"predecessor-version":[{"id":9299,"href":"http:\/\/entreriosbasquet.com\/site\/wp-json\/wp\/v2\/posts\/9297\/revisions\/9299"}],"wp:featuredmedia":[{"embeddable":true,"href":"http:\/\/entreriosbasquet.com\/site\/wp-json\/wp\/v2\/media\/9298"}],"wp:attachment":[{"href":"http:\/\/entreriosbasquet.com\/site\/wp-json\/wp\/v2\/media?parent=9297"}],"wp:term":[{"taxonomy":"category","embeddable":true,"href":"http:\/\/entreriosbasquet.com\/site\/wp-json\/wp\/v2\/categories?post=9297"},{"taxonomy":"post_tag","embeddable":true,"href":"http:\/\/entreriosbasquet.com\/site\/wp-json\/wp\/v2\/tags?post=9297"}],"curies":[{"name":"wp","href":"https:\/\/api.w.org\/{rel}","templated":true}]}}