{"id":9294,"date":"2019-10-17T18:11:40","date_gmt":"2019-10-17T21:11:40","guid":{"rendered":"http:\/\/entreriosbasquet.com\/site\/?p=9294"},"modified":"2019-12-16T20:59:52","modified_gmt":"2019-12-16T23:59:52","slug":"la-union-con-todo-listo-para-el-estreno","status":"publish","type":"post","link":"http:\/\/entreriosbasquet.com\/site\/2019\/10\/17\/la-union-con-todo-listo-para-el-estreno\/","title":{"rendered":"La Uni\u00f3n, con todo listo para el estreno"},"content":{"rendered":"<p style=\"text-align: justify;\">En su regreso a la tercera categor\u00eda nacional, La Uni\u00f3n de Col\u00f3n se present\u00f3 en sociedad a tan solo tres d\u00edas de su debut en el Torneo Federal. Gran cantidad de jugadores de las formativas de la instituci\u00f3n, dirigentes y p\u00fablico en general fueron parte del lanzamiento del plantel profesional.<\/p>\n<p style=\"text-align: justify;\">El conjunto liderado por Jerem\u00edas Zuttion realiz\u00f3 su presentaci\u00f3n en las instalaciones del Quincho del Club y dialog\u00f3 con la prensa presente en el lugar mientras aguarda por el arranque del torneo que tiene como fecha de inicio al s\u00e1bado 19 de octubre frente al cl\u00e1sico rival, Club Social y Deportivo San Jos\u00e9.<\/p>\n<p style=\"text-align: justify;\">El Presidente, Flavio Lonfat y su Vice, Carlos Laurido, estuvieron acompa\u00f1ando al plantel que afrontar\u00e1 la vuelta al Federal. Tambi\u00e9n lo hizo Ricardo Andrioli, quien ocupa el rol de Jefe de Equipo. Por el lado del plantel ocuparon los primeros lugares el entrenador Jerem\u00edas Zuttion, el asistente, Sebastian Teiletche, Claudio Locher, kinesi\u00f3logo y Mariano Mazzini, capit\u00e1n del equipo.<\/p>\n","protected":false},"excerpt":{"rendered":"<p>En su regreso a la tercera categor\u00eda nacional, La Uni\u00f3n de Col\u00f3n se present\u00f3 en sociedad a tan solo tres d\u00edas de su debut en el Torneo Federal. Gran cantidad de jugadores de las formativas de la instituci\u00f3n, dirigentes y p\u00fablico en general fueron parte del lanzamiento del plantel profesional. El conjunto liderado por Jerem\u00edas [&hellip;]<\/p>\n","protected":false},"author":5,"featured_media":9295,"comment_status":"closed","ping_status":"open","sticky":false,"template":"","format":"standard","meta":[],"categories":[16],"tags":[103,29],"_links":{"self":[{"href":"http:\/\/entreriosbasquet.com\/site\/wp-json\/wp\/v2\/posts\/9294"}],"collection":[{"href":"http:\/\/entreriosbasquet.com\/site\/wp-json\/wp\/v2\/posts"}],"about":[{"href":"http:\/\/entreriosbasquet.com\/site\/wp-json\/wp\/v2\/types\/post"}],"author":[{"embeddable":true,"href":"http:\/\/entreriosbasquet.com\/site\/wp-json\/wp\/v2\/users\/5"}],"replies":[{"embeddable":true,"href":"http:\/\/entreriosbasquet.com\/site\/wp-json\/wp\/v2\/comments?post=9294"}],"version-history":[{"count":1,"href":"http:\/\/entreriosbasquet.com\/site\/wp-json\/wp\/v2\/posts\/9294\/revisions"}],"predecessor-version":[{"id":9296,"href":"http:\/\/entreriosbasquet.com\/site\/wp-json\/wp\/v2\/posts\/9294\/revisions\/9296"}],"wp:featuredmedia":[{"embeddable":true,"href":"http:\/\/entreriosbasquet.com\/site\/wp-json\/wp\/v2\/media\/9295"}],"wp:attachment":[{"href":"http:\/\/entreriosbasquet.com\/site\/wp-json\/wp\/v2\/media?parent=9294"}],"wp:term":[{"taxonomy":"category","embeddable":true,"href":"http:\/\/entreriosbasquet.com\/site\/wp-json\/wp\/v2\/categories?post=9294"},{"taxonomy":"post_tag","embeddable":true,"href":"http:\/\/entreriosbasquet.com\/site\/wp-json\/wp\/v2\/tags?post=9294"}],"curies":[{"name":"wp","href":"https:\/\/api.w.org\/{rel}","templated":true}]}}