{"id":9291,"date":"2019-10-17T17:02:36","date_gmt":"2019-10-17T20:02:36","guid":{"rendered":"http:\/\/entreriosbasquet.com\/site\/?p=9291"},"modified":"2019-12-16T20:59:40","modified_gmt":"2019-12-16T23:59:40","slug":"vesco-estamos-en-un-nivel-optimo-para-arrancar-el-torneo","status":"publish","type":"post","link":"http:\/\/entreriosbasquet.com\/site\/2019\/10\/17\/vesco-estamos-en-un-nivel-optimo-para-arrancar-el-torneo\/","title":{"rendered":"Vesco: \u201cEstamos en un nivel \u00f3ptimo para arrancar el torneo\u201d"},"content":{"rendered":"<p style=\"text-align: justify;\">El entrenador del conjunto azulgrana, habl\u00f3 previo al inicio del Torneo Federal de B\u00e1squetbol 2019\/2020. En primera instancia, hizo un balance de la pretemporada. \u201cLa sensaciones del trabajo que hemos hecho son buenas. A pesar que nos falta bastante, creo que vamos por buen camino y estamos en un nivel \u00f3ptimo para arrancar la competencia\u201d.<\/p>\n<p style=\"text-align: justify;\">En cuanto a los cuatro amistosos que jug\u00f3 Olimpia, manifest\u00f3: \u201cEn los primeros dos, tanto contra Echag\u00fce como con Uni\u00f3n, nos falt\u00f3 ritmo. No obstante, ante Santa Paula y durante el segundo juego contra Echag\u00fce jugamos mucho m\u00e1s y por momentos pudimos hacer lo que pretendemos; que es intentar anotar durante los primeros segundos de las ofensivas, aunque tambi\u00e9n contar con la posibilidad de poder jugarlas\u201d. A lo que agreg\u00f3: \u201cDefensivamente estuvimos correctos, pero por momentos descansamos en nuestro ataque, lo que es una cuesti\u00f3n a corregir\u201d.<\/p>\n<p style=\"text-align: justify;\">En relaci\u00f3n a la zona Entre R\u00edos, manifest\u00f3: \u201cSin desmerecer el resto de las divisiones, creo que junto con Buenos Aires, C\u00f3rdoba y Santa Fe, nuestra zona es de las m\u00e1s parejas. Generalmente, los equipos clasificados a la siguiente instancia se definen en los \u00faltimos partidos de la Fase Regular\u201d.<\/p>\n<p style=\"text-align: justify;\">El pr\u00f3ximo viernes, el CAO debuta ante BH, en el Estadio Islas Malvinas, y con respecto a la claves para arrancar con el pie derecho, analiz\u00f3: \u201cTenemos que controlar el ritmo del juego e intentar cortarle los circuitos a jugadores peligrosos como Sergio Ravina y Manuel G\u00f3mez\u201d.<\/p>\n<p style=\"text-align: justify;\">Por \u00faltimo, se refiri\u00f3 a la incorporaci\u00f3n del juvenil Facundo Schunk, y le dej\u00f3 un mensaje al hincha azulgrana.<\/p>\n<p style=\"text-align: justify;\">\u201cFacu es un chico que puede hacer m\u00e1s largo el equipo. Le falta experiencia en Torneo Federal, pero nos demostr\u00f3 que est\u00e1 para competir y junto con Tom\u00e1s Botta, seguramente nos va a dar muchas satisfacciones\u201d<\/p>\n<p style=\"text-align: justify;\">\u201cAl hincha se le pide que acompa\u00f1e, aunque somos conscientes que tambi\u00e9n depende del desempe\u00f1o del equipo. Creo que podemos tener un mejor juego en relaci\u00f3n al a\u00f1o pasado, lo que va a generar que ganemos m\u00e1s partidos\u201d, cerr\u00f3.<\/p>\n","protected":false},"excerpt":{"rendered":"<p>El entrenador del conjunto azulgrana, habl\u00f3 previo al inicio del Torneo Federal de B\u00e1squetbol 2019\/2020. En primera instancia, hizo un balance de la pretemporada. \u201cLa sensaciones del trabajo que hemos hecho son buenas. A pesar que nos falta bastante, creo que vamos por buen camino y estamos en un nivel \u00f3ptimo para arrancar la competencia\u201d. [&hellip;]<\/p>\n","protected":false},"author":5,"featured_media":9292,"comment_status":"closed","ping_status":"open","sticky":false,"template":"","format":"standard","meta":[],"categories":[16],"tags":[46,29],"_links":{"self":[{"href":"http:\/\/entreriosbasquet.com\/site\/wp-json\/wp\/v2\/posts\/9291"}],"collection":[{"href":"http:\/\/entreriosbasquet.com\/site\/wp-json\/wp\/v2\/posts"}],"about":[{"href":"http:\/\/entreriosbasquet.com\/site\/wp-json\/wp\/v2\/types\/post"}],"author":[{"embeddable":true,"href":"http:\/\/entreriosbasquet.com\/site\/wp-json\/wp\/v2\/users\/5"}],"replies":[{"embeddable":true,"href":"http:\/\/entreriosbasquet.com\/site\/wp-json\/wp\/v2\/comments?post=9291"}],"version-history":[{"count":1,"href":"http:\/\/entreriosbasquet.com\/site\/wp-json\/wp\/v2\/posts\/9291\/revisions"}],"predecessor-version":[{"id":9293,"href":"http:\/\/entreriosbasquet.com\/site\/wp-json\/wp\/v2\/posts\/9291\/revisions\/9293"}],"wp:featuredmedia":[{"embeddable":true,"href":"http:\/\/entreriosbasquet.com\/site\/wp-json\/wp\/v2\/media\/9292"}],"wp:attachment":[{"href":"http:\/\/entreriosbasquet.com\/site\/wp-json\/wp\/v2\/media?parent=9291"}],"wp:term":[{"taxonomy":"category","embeddable":true,"href":"http:\/\/entreriosbasquet.com\/site\/wp-json\/wp\/v2\/categories?post=9291"},{"taxonomy":"post_tag","embeddable":true,"href":"http:\/\/entreriosbasquet.com\/site\/wp-json\/wp\/v2\/tags?post=9291"}],"curies":[{"name":"wp","href":"https:\/\/api.w.org\/{rel}","templated":true}]}}