{"id":9287,"date":"2019-10-17T17:20:14","date_gmt":"2019-10-17T20:20:14","guid":{"rendered":"http:\/\/entreriosbasquet.com\/site\/?p=9287"},"modified":"2019-10-17T17:25:02","modified_gmt":"2019-10-17T20:25:02","slug":"presentacion-oficial-echague-rumbo-a-la-liga-argentina","status":"publish","type":"post","link":"http:\/\/entreriosbasquet.com\/site\/2019\/10\/17\/presentacion-oficial-echague-rumbo-a-la-liga-argentina\/","title":{"rendered":"Presentaci\u00f3n oficial de Echag\u00fce rumbo a la Liga Argentina"},"content":{"rendered":"<p style=\"text-align: justify;\">La pasada semana se realiz\u00f3 la presentaci\u00f3n oficial del equipo de Primera Divisi\u00f3n de B\u00e1squet del Atl\u00e9tico Echag\u00fce Club para la temporada 2019\/20 de La Liga Argentina en el estadio Luis Butta, tambi\u00e9n se dio a conocer la indumentaria que vestir\u00e1 el plantel en esta nueva etapa.<\/p>\n<p style=\"text-align: justify;\">El evento comenz\u00f3 a las 19:30 dando la bienvenida a los presentes, acto seguido, el grupo\u00a0de competici\u00f3n de pat\u00edn realiz\u00f3 una performance para darle lugar a la salida de los jugadores, quienes ingresaron de la mano con ni\u00f1os y ni\u00f1as que practican las diferentes disciplinas en la instituci\u00f3n.<\/p>\n<p style=\"text-align: justify;\">Una vez m\u00e1s, Plataforma Deportiva viste al club, la camiseta para esta temporada no sufri\u00f3 muchas modificaciones respecto a la anterior, se contin\u00faa con un estilo similar a la utilizada hace 36 a\u00f1os cuando Echag\u00fce jug\u00f3 la Liga Nacional por primera vez.<\/p>\n<p style=\"text-align: justify;\">Una vez que todos los jugadores estuvieron en la cancha, dirigi\u00f3 unas palabras el presidente del club, Federico Borr\u00e1s, quien record\u00f3 a Don N\u00e9stor Colman, ex dirigente y jugador de la instituci\u00f3n. Luego el secretario H\u00e9ctor Escurra tom\u00f3 el micr\u00f3fono y dese\u00f3 un bien arranque de temporada, al igual que Sebasti\u00e1n Svetliza, director deportivo de la Liga Argentina. El Director T\u00e9cnico, Oscar \u2018Cachi\u2019 Bonell le habl\u00f3 al p\u00fablico y a sus jugadores, para luego pasarle la palabra al capit\u00e1n del equipo Alejandro Zilli, que pidi\u00f3 a la gente que los acompa\u00f1e en esta temporada.<\/p>\n<p style=\"text-align: justify;\">Tras el sorteo de una pelota, una remera de Plataforma Deportiva y entrada para el primer partido de local, los jugadores quedaron a disposici\u00f3n de los medios de comunicaci\u00f3n para realizar las entrevistas que les fueran requeridas y por \u00faltimo se realiz\u00f3 el media day en el nuevo SUM ubicado al lado del estadio.<\/p>\n","protected":false},"excerpt":{"rendered":"<p>La pasada semana se realiz\u00f3 la presentaci\u00f3n oficial del equipo de Primera Divisi\u00f3n de B\u00e1squet del Atl\u00e9tico Echag\u00fce Club para la temporada 2019\/20 de La Liga Argentina en el estadio Luis Butta, tambi\u00e9n se dio a conocer la indumentaria que vestir\u00e1 el plantel en esta nueva etapa. El evento comenz\u00f3 a las 19:30 dando la [&hellip;]<\/p>\n","protected":false},"author":5,"featured_media":9288,"comment_status":"closed","ping_status":"open","sticky":false,"template":"","format":"standard","meta":[],"categories":[11],"tags":[39,197,535],"_links":{"self":[{"href":"http:\/\/entreriosbasquet.com\/site\/wp-json\/wp\/v2\/posts\/9287"}],"collection":[{"href":"http:\/\/entreriosbasquet.com\/site\/wp-json\/wp\/v2\/posts"}],"about":[{"href":"http:\/\/entreriosbasquet.com\/site\/wp-json\/wp\/v2\/types\/post"}],"author":[{"embeddable":true,"href":"http:\/\/entreriosbasquet.com\/site\/wp-json\/wp\/v2\/users\/5"}],"replies":[{"embeddable":true,"href":"http:\/\/entreriosbasquet.com\/site\/wp-json\/wp\/v2\/comments?post=9287"}],"version-history":[{"count":2,"href":"http:\/\/entreriosbasquet.com\/site\/wp-json\/wp\/v2\/posts\/9287\/revisions"}],"predecessor-version":[{"id":9290,"href":"http:\/\/entreriosbasquet.com\/site\/wp-json\/wp\/v2\/posts\/9287\/revisions\/9290"}],"wp:featuredmedia":[{"embeddable":true,"href":"http:\/\/entreriosbasquet.com\/site\/wp-json\/wp\/v2\/media\/9288"}],"wp:attachment":[{"href":"http:\/\/entreriosbasquet.com\/site\/wp-json\/wp\/v2\/media?parent=9287"}],"wp:term":[{"taxonomy":"category","embeddable":true,"href":"http:\/\/entreriosbasquet.com\/site\/wp-json\/wp\/v2\/categories?post=9287"},{"taxonomy":"post_tag","embeddable":true,"href":"http:\/\/entreriosbasquet.com\/site\/wp-json\/wp\/v2\/tags?post=9287"}],"curies":[{"name":"wp","href":"https:\/\/api.w.org\/{rel}","templated":true}]}}