{"id":9273,"date":"2019-10-15T16:50:44","date_gmt":"2019-10-15T19:50:44","guid":{"rendered":"http:\/\/entreriosbasquet.com\/site\/?p=9273"},"modified":"2019-10-15T16:50:44","modified_gmt":"2019-10-15T19:50:44","slug":"penarol-tiene-todo-listo-para-el-debut-en-el-federal","status":"publish","type":"post","link":"http:\/\/entreriosbasquet.com\/site\/2019\/10\/15\/penarol-tiene-todo-listo-para-el-debut-en-el-federal\/","title":{"rendered":"Pe\u00f1arol tiene todo listo para el debut en el Federal"},"content":{"rendered":"<p style=\"text-align: justify;\">Atr\u00e1s qued\u00f3 la dura pretemporada que realiz\u00f3 el equipo del Centro Sportivo Pe\u00f1arol de Rosario del Tala, atr\u00e1s tambi\u00e9n quedaron los partidos amistosos. Se viene el debut en la temporada 2019\/2020 del Torneo Federal de B\u00e1squet.<\/p>\n<p style=\"text-align: justify;\">Llego la hora de la verdad y de renovar las esperanzas. El pr\u00f3ximo viernes el \u00abTricolor\u00bb comenzar\u00e1 a disputar su novena temporada consecutiva del Torneo Federal con\u00a0el objetivo claro\u00a0de mantener la categor\u00eda e ir avanzando paso a paso como viene sucediendo en los \u00faltimos a\u00f1os.<\/p>\n<p style=\"text-align: justify;\">El equipo dirigido por Pablo Mart\u00ednez se ha modificado casi por completo respecto de la temporada pasada; solamente contin\u00faan Bautista Solda y Cristian Vel\u00e1zquez. Se ha conformado un equipo joven, con jugadores que pretenden consolidarse en el Torneo Federal y con jugadores que ya saben lo que es jugar en Pe\u00f1arol, que vuelven a formar parte de la familia tricolor como el base David Vel\u00e1zquez, el escolta Dami\u00e1n Echazarreta y el pivote Marcos Jovanovich.<\/p>\n<p style=\"text-align: justify;\">Este viernes 18 de octubre desde las 21.30 Pe\u00f1arol visitara al Club Atl\u00e9tico Tala en el Gregorio Panizza, en una nueva edici\u00f3n del cl\u00e1sico m\u00e1s importante de la provincia de Entre R\u00edos. El equipo dirigido por Guillermo Tasso mantuvo la base de la temporada pasada y sumo jugadores de jerarqu\u00eda como Facundo Barreto y Santiago Iglesias.<\/p>\n<p style=\"text-align: justify;\">La dirigencia del Club Atl\u00e9tico inform\u00f3 que la venta de entradas visitantes ser\u00e1 el mismo d\u00eda del partido desde las 20.30 hs. y como es habitual el p\u00fablico de Pe\u00f1arol deber\u00e1 ingresar \u00fanicamente por el sector de piletas.<\/p>\n<p style=\"text-align: justify;\">El equipo est\u00e1 preparado, la familia tricolor tambi\u00e9n, est\u00e1 todo listo y comienza una nueva ilusi\u00f3n.<\/p>\n","protected":false},"excerpt":{"rendered":"<p>Atr\u00e1s qued\u00f3 la dura pretemporada que realiz\u00f3 el equipo del Centro Sportivo Pe\u00f1arol de Rosario del Tala, atr\u00e1s tambi\u00e9n quedaron los partidos amistosos. Se viene el debut en la temporada 2019\/2020 del Torneo Federal de B\u00e1squet. Llego la hora de la verdad y de renovar las esperanzas. El pr\u00f3ximo viernes el \u00abTricolor\u00bb comenzar\u00e1 a disputar [&hellip;]<\/p>\n","protected":false},"author":5,"featured_media":9275,"comment_status":"closed","ping_status":"open","sticky":false,"template":"","format":"standard","meta":[],"categories":[16],"tags":[],"_links":{"self":[{"href":"http:\/\/entreriosbasquet.com\/site\/wp-json\/wp\/v2\/posts\/9273"}],"collection":[{"href":"http:\/\/entreriosbasquet.com\/site\/wp-json\/wp\/v2\/posts"}],"about":[{"href":"http:\/\/entreriosbasquet.com\/site\/wp-json\/wp\/v2\/types\/post"}],"author":[{"embeddable":true,"href":"http:\/\/entreriosbasquet.com\/site\/wp-json\/wp\/v2\/users\/5"}],"replies":[{"embeddable":true,"href":"http:\/\/entreriosbasquet.com\/site\/wp-json\/wp\/v2\/comments?post=9273"}],"version-history":[{"count":1,"href":"http:\/\/entreriosbasquet.com\/site\/wp-json\/wp\/v2\/posts\/9273\/revisions"}],"predecessor-version":[{"id":9276,"href":"http:\/\/entreriosbasquet.com\/site\/wp-json\/wp\/v2\/posts\/9273\/revisions\/9276"}],"wp:featuredmedia":[{"embeddable":true,"href":"http:\/\/entreriosbasquet.com\/site\/wp-json\/wp\/v2\/media\/9275"}],"wp:attachment":[{"href":"http:\/\/entreriosbasquet.com\/site\/wp-json\/wp\/v2\/media?parent=9273"}],"wp:term":[{"taxonomy":"category","embeddable":true,"href":"http:\/\/entreriosbasquet.com\/site\/wp-json\/wp\/v2\/categories?post=9273"},{"taxonomy":"post_tag","embeddable":true,"href":"http:\/\/entreriosbasquet.com\/site\/wp-json\/wp\/v2\/tags?post=9273"}],"curies":[{"name":"wp","href":"https:\/\/api.w.org\/{rel}","templated":true}]}}