{"id":9227,"date":"2019-10-07T20:43:06","date_gmt":"2019-10-07T23:43:06","guid":{"rendered":"http:\/\/entreriosbasquet.com\/site\/?p=9227"},"modified":"2019-10-08T20:43:44","modified_gmt":"2019-10-08T23:43:44","slug":"brahian-buticci-el-ensamblado-viene-bien","status":"publish","type":"post","link":"http:\/\/entreriosbasquet.com\/site\/2019\/10\/07\/brahian-buticci-el-ensamblado-viene-bien\/","title":{"rendered":"Brahian Buticci: \u00abEl ensamblado viene bien\u00bb"},"content":{"rendered":"<p style=\"text-align: justify;\">Brahian Buticci es otro de los jugadores que lleg\u00f3 a Capuchinos para disputar la temporada 2019\/2020 del Torneo Federal de B\u00e1squet. A continuaci\u00f3n la palabra del joven escolta. Adem\u00e1s se confirm\u00f3 lo que ser\u00eda el \u00faltimo amistoso del CEAC de cara al debut frente a Ferrocarril en el \u00abJuan de Dios Obreg\u00f3n\u00bb el 18 de Octubre.<\/p>\n<p style=\"text-align: justify;\">El nacido en Tostado (Santa Fe) cont\u00f3 como viene la pretemporada hasta el momento: \u00abLa pretemporada va bien, me parece que hicimos una muy buena pretemporada. Ahora ya estamos en la parte de la puesta a punta, haciendo m\u00e1s b\u00e1squet que f\u00edsico. En lo personal me siento muy bien en lo f\u00edsico. Me ayudo mucho todo lo que venimos haciendo, y en la parte de b\u00e1squet tambi\u00e9n, me siento m\u00e1s confiado y a medida que se acerque la llegada del debut me voy a ir sintiendo mejor\u00bb.<\/p>\n<p style=\"text-align: justify;\">Buticci realiz\u00f3 un an\u00e1lisis de lo ocurrido en los tres amistosos que disputaron: \u00abCreo que fuimos de menor a mayor en todos los amistosos que jugamos. En el primero tal vez no lo hicimos muy bien, pero ya en el segundo y en el tercero demostramos que estamos para pelear arriba, y que vamos a ser un equipo muy aguerrido que va a ir por todas, creo que vamos a llegar bien. Gabriel y Marco est\u00e1n volviendo de a poco, ojal\u00e1 lleguemos todo completos al primer partido oficial de la temporada\u00bb.<\/p>\n<p style=\"text-align: justify;\">\u00abMe pide que sea el escolta, que corra la cancha, que defienda, que juegue los pick and roll, que sea un jugador muy intenso y cuando est\u00e9 en la cancha deje todo como al igual que mis compa\u00f1eros\u00bb, indic\u00f3 el jugador de 23 a\u00f1os sobre lo que le pide Mart\u00edn Amden, el DT del negro.<\/p>\n<p style=\"text-align: justify;\">Adem\u00e1s el ex jugador de Nicol\u00e1s de Avellaneda, Central Ol\u00edmpico Argentino de Ceres y Quimsa de Santiago del Estero dej\u00f3 en claro cu\u00e1les son los objetivos de este equipo y con qu\u00e9 tipo de rival se van a encontrar los conjuntos que integran la Zona Entre R\u00edos: \u00abLos objetivos son ir paso a paso, partido por partido, no tenemos un objetivo a largo plazo, sino a corto plazo como los que te mencione. Por suerte el ensamblado viene bien, es un grupo humano muy lindo, nos llevamos muy bien todos. En la parte basquetbolista falta pulir cosas, pero vamos por buen camino\u00bb. Tambi\u00e9n agreg\u00f3 que: \u00abEste va a ser un equipo aguerrido, muy intenso, que va a defender toda la cancha, vamos a correr mucho, con mucha intensidad en todo lo que hagamos. Creo que va ser una gran virtud que todos seamos j\u00f3venes y podamos correr a gran ritmo como nos pide Mart\u00edn\u00bb.<\/p>\n<p style=\"text-align: justify;\">Por \u00faltimo Brahian dio su punto de vista acerca de la Zona Entre R\u00edos: \u00abEs una zona fuerte, que est\u00e1 entre las m\u00e1s fuerte del torneo. Siempre los equipo de esta zona llegan hasta instancias muy lejos, un ejemplo claro es el de Central Entrerriano que ascendi\u00f3 la temporada pasada\u00bb.<\/p>\n<p style=\"text-align: justify;\">Por otra parte se confirm\u00f3 que Capuchinos va a jugar un partido amistoso, el cuarto de esta pretemporada, frente a Ferrocarril de San Salvador el jueves 10 de Octubre a las 21:30 horas en la Capital Nacional del Arroz.<\/p>\n","protected":false},"excerpt":{"rendered":"<p>Brahian Buticci es otro de los jugadores que lleg\u00f3 a Capuchinos para disputar la temporada 2019\/2020 del Torneo Federal de B\u00e1squet. A continuaci\u00f3n la palabra del joven escolta. Adem\u00e1s se confirm\u00f3 lo que ser\u00eda el \u00faltimo amistoso del CEAC de cara al debut frente a Ferrocarril en el \u00abJuan de Dios Obreg\u00f3n\u00bb el 18 de [&hellip;]<\/p>\n","protected":false},"author":5,"featured_media":9228,"comment_status":"closed","ping_status":"open","sticky":false,"template":"","format":"standard","meta":[],"categories":[16],"tags":[191,29],"_links":{"self":[{"href":"http:\/\/entreriosbasquet.com\/site\/wp-json\/wp\/v2\/posts\/9227"}],"collection":[{"href":"http:\/\/entreriosbasquet.com\/site\/wp-json\/wp\/v2\/posts"}],"about":[{"href":"http:\/\/entreriosbasquet.com\/site\/wp-json\/wp\/v2\/types\/post"}],"author":[{"embeddable":true,"href":"http:\/\/entreriosbasquet.com\/site\/wp-json\/wp\/v2\/users\/5"}],"replies":[{"embeddable":true,"href":"http:\/\/entreriosbasquet.com\/site\/wp-json\/wp\/v2\/comments?post=9227"}],"version-history":[{"count":3,"href":"http:\/\/entreriosbasquet.com\/site\/wp-json\/wp\/v2\/posts\/9227\/revisions"}],"predecessor-version":[{"id":9248,"href":"http:\/\/entreriosbasquet.com\/site\/wp-json\/wp\/v2\/posts\/9227\/revisions\/9248"}],"wp:featuredmedia":[{"embeddable":true,"href":"http:\/\/entreriosbasquet.com\/site\/wp-json\/wp\/v2\/media\/9228"}],"wp:attachment":[{"href":"http:\/\/entreriosbasquet.com\/site\/wp-json\/wp\/v2\/media?parent=9227"}],"wp:term":[{"taxonomy":"category","embeddable":true,"href":"http:\/\/entreriosbasquet.com\/site\/wp-json\/wp\/v2\/categories?post=9227"},{"taxonomy":"post_tag","embeddable":true,"href":"http:\/\/entreriosbasquet.com\/site\/wp-json\/wp\/v2\/tags?post=9227"}],"curies":[{"name":"wp","href":"https:\/\/api.w.org\/{rel}","templated":true}]}}