{"id":9003,"date":"2019-09-03T00:34:37","date_gmt":"2019-09-03T03:34:37","guid":{"rendered":"http:\/\/entreriosbasquet.com\/site\/?p=9003"},"modified":"2019-09-03T00:34:37","modified_gmt":"2019-09-03T03:34:37","slug":"comienzo-de-los-entrenamientos-en-capuchinos","status":"publish","type":"post","link":"http:\/\/entreriosbasquet.com\/site\/2019\/09\/03\/comienzo-de-los-entrenamientos-en-capuchinos\/","title":{"rendered":"Comienzo de los entrenamientos en Capuchinos"},"content":{"rendered":"<p style=\"text-align: justify;\">Este lunes 2 de septiembre el primer equipo del Centro Ex Alumnos Capuchinos bajo las \u00f3rdenes de Mart\u00edn Amden y su Cuerpo T\u00e9cnico comenz\u00f3 con los trabajos de pretemporada de cara a una nueva participaci\u00f3n en el Torneo Federal de B\u00e1squet, que comenzar\u00e1 el 18 de octubre. En los pr\u00f3ximos d\u00edas se ir\u00e1n confirmando los partidos amistosos que tendr\u00e1 el CEAC durante los meses de septiembre y octubre.<\/p>\n<p style=\"text-align: justify;\">\n<p style=\"text-align: justify;\">Con todos los jugadores presentes el Centro Ex Alumnos Capuchinos arranc\u00f3 una nueva ilusi\u00f3n dentro de la tercera categor\u00eda de b\u00e1squet argentino. El domingo en horas de la noche fue presentado el plantel y dijeron unas palabras, por parte de la dirigencia, Edgardo Oneto, Francisco Galarza y Oscar \u00c1vila, mientras que por el Cuerpo T\u00e9cnico lo hizo el DT que dirigir\u00e1 por primera vez a Capuchinos, el oriundo de Concepci\u00f3n del Uruguay, Mart\u00edn Amden.<\/p>\n<p style=\"text-align: justify;\">Este lunes en horas de la ma\u00f1ana en la \u00a8Bombonerita\u00a8 el plantel realiz\u00f3 los primeros trabajos y repiti\u00f3 los mismos por la noche. Todos los jugadores estuvieron realizando trabajos junto a Agust\u00edn San Miguel, el preparador f\u00edsico del \u00a8negro\u00a8 para la 2019\/2020.<\/p>\n<p style=\"text-align: justify;\">Con respecto a los amistosos todav\u00eda no hay ninguno confirmado por la dirigencia, pero seguramente en los pr\u00f3ximos d\u00edas habr\u00e1 novedades al respecto.<\/p>\n<p style=\"text-align: justify;\"><strong>PLANTEL CENTRO EX ALUMNOS CAPUCHINOS CONCORDIA \u2013 TEMPORADA: 2019\/2020:<\/strong><\/p>\n<p style=\"text-align: justify;\">Facundo Ortiz \u2013 \u00a0Agust\u00edn Silva \u2013 \u00a0Brahian Buticci \u2013 Facundo Breques \u2013 Gast\u00f3n Langhenein Marco Bosch \u2013 Tom\u00e1s Verbauwede \u2013 \u00a0Joaqu\u00edn G\u00f3mez Delconte \u2013 Augusto Bruera \u2013 Diego Ram\u00edrez \u2013 I\u00f1aki Garat \u2013 Marcos Garat \u2013 Juli\u00e1n Gim\u00e9nez \u2013 Bruno Reyero.\n<\/p>\n<p style=\"text-align: justify;\"><em><strong>CUERPO T\u00c9CNICO:<\/strong><\/em><\/p>\n<p style=\"text-align: justify;\">Director T\u00e9cnico: Mart\u00edn Amden.<\/p>\n<p style=\"text-align: justify;\">1er Asistente T\u00e9cnico: Santiago Rodr\u00edguez.<\/p>\n<p style=\"text-align: justify;\">2do Asistente T\u00e9cnico: Esteban Godoy.<\/p>\n<p style=\"text-align: justify;\">Preparador F\u00edsico: Agust\u00edn San Miguel.<\/p>\n<p>Kinesi\u00f3logo: Mariano Bruenard.<\/p>\n<p>Jefe de Equipo: Manuel Luna.<\/p>\n<p>Utilero: Marcelo Pessoa.<\/p>\n","protected":false},"excerpt":{"rendered":"<p>Este lunes 2 de septiembre el primer equipo del Centro Ex Alumnos Capuchinos bajo las \u00f3rdenes de Mart\u00edn Amden y su Cuerpo T\u00e9cnico comenz\u00f3 con los trabajos de pretemporada de cara a una nueva participaci\u00f3n en el Torneo Federal de B\u00e1squet, que comenzar\u00e1 el 18 de octubre. En los pr\u00f3ximos d\u00edas se ir\u00e1n confirmando los [&hellip;]<\/p>\n","protected":false},"author":5,"featured_media":9004,"comment_status":"closed","ping_status":"open","sticky":false,"template":"","format":"standard","meta":[],"categories":[16],"tags":[191,280,29],"_links":{"self":[{"href":"http:\/\/entreriosbasquet.com\/site\/wp-json\/wp\/v2\/posts\/9003"}],"collection":[{"href":"http:\/\/entreriosbasquet.com\/site\/wp-json\/wp\/v2\/posts"}],"about":[{"href":"http:\/\/entreriosbasquet.com\/site\/wp-json\/wp\/v2\/types\/post"}],"author":[{"embeddable":true,"href":"http:\/\/entreriosbasquet.com\/site\/wp-json\/wp\/v2\/users\/5"}],"replies":[{"embeddable":true,"href":"http:\/\/entreriosbasquet.com\/site\/wp-json\/wp\/v2\/comments?post=9003"}],"version-history":[{"count":1,"href":"http:\/\/entreriosbasquet.com\/site\/wp-json\/wp\/v2\/posts\/9003\/revisions"}],"predecessor-version":[{"id":9005,"href":"http:\/\/entreriosbasquet.com\/site\/wp-json\/wp\/v2\/posts\/9003\/revisions\/9005"}],"wp:featuredmedia":[{"embeddable":true,"href":"http:\/\/entreriosbasquet.com\/site\/wp-json\/wp\/v2\/media\/9004"}],"wp:attachment":[{"href":"http:\/\/entreriosbasquet.com\/site\/wp-json\/wp\/v2\/media?parent=9003"}],"wp:term":[{"taxonomy":"category","embeddable":true,"href":"http:\/\/entreriosbasquet.com\/site\/wp-json\/wp\/v2\/categories?post=9003"},{"taxonomy":"post_tag","embeddable":true,"href":"http:\/\/entreriosbasquet.com\/site\/wp-json\/wp\/v2\/tags?post=9003"}],"curies":[{"name":"wp","href":"https:\/\/api.w.org\/{rel}","templated":true}]}}