{"id":8459,"date":"2019-07-01T17:46:35","date_gmt":"2019-07-01T20:46:35","guid":{"rendered":"http:\/\/entreriosbasquet.com\/site\/?p=8459"},"modified":"2019-07-01T17:46:35","modified_gmt":"2019-07-01T20:46:35","slug":"los-charruas-y-el-sueno-de-primera-division","status":"publish","type":"post","link":"http:\/\/entreriosbasquet.com\/site\/2019\/07\/01\/los-charruas-y-el-sueno-de-primera-division\/","title":{"rendered":"Los Charr\u00faas y el sue\u00f1o de Primera Divisi\u00f3n"},"content":{"rendered":"<p style=\"text-align: justify;\">La Escuela Municipal de B\u00e1squet de la localidad de Los Charr\u00faas (4000 habitantes) impulsa un nuevo proyecto para la conformaci\u00f3n de un equipo de Primera Divisi\u00f3n que pueda disputar el torneo asociativo de la Asociaci\u00f3n Concordiense de B\u00e1squet.<\/p>\n<p style=\"text-align: justify;\"><strong>A continuaci\u00f3n detalles del proceso de trabajo en un\u00a0Texto publicado en el Facebook de la Municipalidad de Los Charr\u00faas:<\/strong><\/p>\n<p style=\"text-align: justify;\"><em>\u00abPor estos d\u00edas se est\u00e1 viviendo algo muy especial en la Escuela Municipal de B\u00e1squet, ya que un grupo de ex jugadores se juntaron para ir detr\u00e1s de un nuevo proyecto deportivo para el B\u00e1squet de Los Charr\u00faas y que es armar por primera vez una Primera Divisi\u00f3n.\u00a0<\/em><\/p>\n<p style=\"text-align: justify;\"><em>Con gran expectativa y alegr\u00eda ya arrancaron a entrenar, a cargo del Entrenador Sergio Casse, qui\u00e9n es el impulsor de este emprendieminto, con jugadores que el b\u00e1sq<span class=\"text_exposed_show\">uet les dej\u00f3 una huella demasiado profunda, porque ah\u00ed no s\u00f3lo se formaron como jugadores sino como personas.\u00a0<img decoding=\"async\" loading=\"lazy\" class=\" wp-image-8460 alignright\" src=\"http:\/\/entreriosbasquet.com\/site\/wp-content\/uploads\/2019\/07\/65733376_2243215545727869_3052582593280081920_n.jpg\" alt=\"\" width=\"329\" height=\"392\" \/><br \/>\n<\/span><\/em><\/p>\n<p style=\"text-align: justify;\"><em><span class=\"text_exposed_show\">Vivieron su ni\u00f1ez y adolescencia en la canchita de B\u00e1squet, horas y horas compartiendo entrenamientos, experiencias, sue\u00f1os.<br \/>\n<\/span><\/em><\/p>\n<p style=\"text-align: justify;\"><em><span class=\"text_exposed_show\">Ellos nos hac\u00edan vibrar en los JUEGOS EVITA, esos torneos Provinciales y Nacionales que siempre los ten\u00edan como grandes protagonistas.<br \/>\n<\/span><\/em><\/p>\n<p style=\"text-align: justify;\"><em><span class=\"text_exposed_show\">Hoy el b\u00e1squet los vuelve a juntar, y van por una apuesta m\u00e1s importante, de armar por primera vez una Primera Divisi\u00f3n para participar de la Liga Local, Organizada por la Asociaci\u00f3n Concordiense de B\u00e1squet donde participan clubes con mucha trayectoria como lo es Capuchinos, Ferrocarril, Sportivo San Salvador, etc.<br \/>\n<\/span><\/em><\/p>\n<p style=\"text-align: justify;\"><em><span class=\"text_exposed_show\">Est\u00e1n a punto de dar un paso gigante, quiz\u00e1s un antes y un despu\u00e9s en la historia de nuestra Escuela Municipal.<br \/>\n<\/span><\/em><\/p>\n<p style=\"text-align: justify;\"><em><span class=\"text_exposed_show\">\u00a1Felicitaciones por la iniciativa y el mayor de los \u00e9xitos para lo que vendr\u00e1!\u00bb<br \/>\n<\/span><\/em><\/p>\n<p>&nbsp;<\/p>\n","protected":false},"excerpt":{"rendered":"<p>La Escuela Municipal de B\u00e1squet de la localidad de Los Charr\u00faas (4000 habitantes) impulsa un nuevo proyecto para la conformaci\u00f3n de un equipo de Primera Divisi\u00f3n que pueda disputar el torneo asociativo de la Asociaci\u00f3n Concordiense de B\u00e1squet. A continuaci\u00f3n detalles del proceso de trabajo en un\u00a0Texto publicado en el Facebook de la Municipalidad de [&hellip;]<\/p>\n","protected":false},"author":5,"featured_media":8461,"comment_status":"closed","ping_status":"open","sticky":false,"template":"","format":"standard","meta":[],"categories":[20],"tags":[493],"_links":{"self":[{"href":"http:\/\/entreriosbasquet.com\/site\/wp-json\/wp\/v2\/posts\/8459"}],"collection":[{"href":"http:\/\/entreriosbasquet.com\/site\/wp-json\/wp\/v2\/posts"}],"about":[{"href":"http:\/\/entreriosbasquet.com\/site\/wp-json\/wp\/v2\/types\/post"}],"author":[{"embeddable":true,"href":"http:\/\/entreriosbasquet.com\/site\/wp-json\/wp\/v2\/users\/5"}],"replies":[{"embeddable":true,"href":"http:\/\/entreriosbasquet.com\/site\/wp-json\/wp\/v2\/comments?post=8459"}],"version-history":[{"count":1,"href":"http:\/\/entreriosbasquet.com\/site\/wp-json\/wp\/v2\/posts\/8459\/revisions"}],"predecessor-version":[{"id":8462,"href":"http:\/\/entreriosbasquet.com\/site\/wp-json\/wp\/v2\/posts\/8459\/revisions\/8462"}],"wp:featuredmedia":[{"embeddable":true,"href":"http:\/\/entreriosbasquet.com\/site\/wp-json\/wp\/v2\/media\/8461"}],"wp:attachment":[{"href":"http:\/\/entreriosbasquet.com\/site\/wp-json\/wp\/v2\/media?parent=8459"}],"wp:term":[{"taxonomy":"category","embeddable":true,"href":"http:\/\/entreriosbasquet.com\/site\/wp-json\/wp\/v2\/categories?post=8459"},{"taxonomy":"post_tag","embeddable":true,"href":"http:\/\/entreriosbasquet.com\/site\/wp-json\/wp\/v2\/tags?post=8459"}],"curies":[{"name":"wp","href":"https:\/\/api.w.org\/{rel}","templated":true}]}}