{"id":8449,"date":"2019-06-30T23:43:45","date_gmt":"2019-07-01T02:43:45","guid":{"rendered":"http:\/\/entreriosbasquet.com\/site\/?p=8449"},"modified":"2019-06-30T23:43:45","modified_gmt":"2019-07-01T02:43:45","slug":"el-preseleccionado-apbf-u17-sigue-las-practicas","status":"publish","type":"post","link":"http:\/\/entreriosbasquet.com\/site\/2019\/06\/30\/el-preseleccionado-apbf-u17-sigue-las-practicas\/","title":{"rendered":"El Preseleccionado APBF U17 sigue las pr\u00e1cticas"},"content":{"rendered":"<p style=\"text-align: justify;\">El Preseleccionado U17 de la Asociaci\u00f3n Paranaense de B\u00e1squet Femenino (APBF) contin\u00faa con los entrenamientos para lo que ser\u00e1 su participaci\u00f3n en el Campeonato Entrerriano Femenino de la categor\u00eda que se realizar\u00e1 a fines del mes de julio en sede a definir.<\/p>\n<p style=\"text-align: justify;\">El selectivo conducido por Laura Rotta y Flavio Sosa practic\u00f3 en la ma\u00f1ana del s\u00e1bado en las instalaciones del Paran\u00e1 Rowing Club en su tercer est\u00edmulo de la semana en el marco de la preparaci\u00f3n para el certamen federativo.<\/p>\n<p style=\"text-align: justify;\">Las jugadoras convocadas para el entrenamiento en el gimnasio del \u201cRemero\u201d fueron Ariadna So\u00f1ez, Lara Berlincourt, Iara Navarro, Aitana Flores, Irina Guerrero, Valentina Arr\u00faa, Valentina Bert\u00edn, Iara Salcedo, Roc\u00edo Mansilla, Sof\u00eda Micheloud, Ana Folmer, Micaela Comar, Camila Mu\u00f1oz y Anna Giorgio.<\/p>\n<p style=\"text-align: justify;\">El pasado jueves las chicas tuvieron su puesta a punto en el estadio de Rowing, donde fueron acompa\u00f1adas por la presidente de la APBF, Susana Treidel, quien charl\u00f3 con las jugadoras durante algunos minutos sobre los trabajos que el equipo viene realizando con el destacado compromiso del plantel.<\/p>\n","protected":false},"excerpt":{"rendered":"<p>El Preseleccionado U17 de la Asociaci\u00f3n Paranaense de B\u00e1squet Femenino (APBF) contin\u00faa con los entrenamientos para lo que ser\u00e1 su participaci\u00f3n en el Campeonato Entrerriano Femenino de la categor\u00eda que se realizar\u00e1 a fines del mes de julio en sede a definir. El selectivo conducido por Laura Rotta y Flavio Sosa practic\u00f3 en la ma\u00f1ana [&hellip;]<\/p>\n","protected":false},"author":5,"featured_media":8450,"comment_status":"closed","ping_status":"open","sticky":false,"template":"","format":"standard","meta":[],"categories":[21],"tags":[],"_links":{"self":[{"href":"http:\/\/entreriosbasquet.com\/site\/wp-json\/wp\/v2\/posts\/8449"}],"collection":[{"href":"http:\/\/entreriosbasquet.com\/site\/wp-json\/wp\/v2\/posts"}],"about":[{"href":"http:\/\/entreriosbasquet.com\/site\/wp-json\/wp\/v2\/types\/post"}],"author":[{"embeddable":true,"href":"http:\/\/entreriosbasquet.com\/site\/wp-json\/wp\/v2\/users\/5"}],"replies":[{"embeddable":true,"href":"http:\/\/entreriosbasquet.com\/site\/wp-json\/wp\/v2\/comments?post=8449"}],"version-history":[{"count":1,"href":"http:\/\/entreriosbasquet.com\/site\/wp-json\/wp\/v2\/posts\/8449\/revisions"}],"predecessor-version":[{"id":8451,"href":"http:\/\/entreriosbasquet.com\/site\/wp-json\/wp\/v2\/posts\/8449\/revisions\/8451"}],"wp:featuredmedia":[{"embeddable":true,"href":"http:\/\/entreriosbasquet.com\/site\/wp-json\/wp\/v2\/media\/8450"}],"wp:attachment":[{"href":"http:\/\/entreriosbasquet.com\/site\/wp-json\/wp\/v2\/media?parent=8449"}],"wp:term":[{"taxonomy":"category","embeddable":true,"href":"http:\/\/entreriosbasquet.com\/site\/wp-json\/wp\/v2\/categories?post=8449"},{"taxonomy":"post_tag","embeddable":true,"href":"http:\/\/entreriosbasquet.com\/site\/wp-json\/wp\/v2\/tags?post=8449"}],"curies":[{"name":"wp","href":"https:\/\/api.w.org\/{rel}","templated":true}]}}