{"id":8446,"date":"2019-06-29T10:38:23","date_gmt":"2019-06-29T13:38:23","guid":{"rendered":"http:\/\/entreriosbasquet.com\/site\/?p=8446"},"modified":"2019-08-14T23:53:55","modified_gmt":"2019-08-15T02:53:55","slug":"respaud-integrara-la-seleccion-nacional-u14","status":"publish","type":"post","link":"http:\/\/entreriosbasquet.com\/site\/2019\/06\/29\/respaud-integrara-la-seleccion-nacional-u14\/","title":{"rendered":"Respaud integrar\u00e1 la Selecci\u00f3n Nacional U14"},"content":{"rendered":"<p style=\"text-align: justify;\">El jugador de Tom\u00e1s de Rocamora de Concepci\u00f3n del Uruguay, Juan Ignacio Respaud, fue confirmado como parte de la Selecci\u00f3n Argentina U14 que viajar\u00e1 a Brasil para disputar su primer compromiso internacional, el Sudamericano U14 masculino.<\/p>\n<p style=\"text-align: justify;\">El equipo, que se encuentra trabajando en el CeNARD desde el pasado domingo, permanecer\u00e1 concentrado hasta el d\u00eda del viaje hacia Goiana, donde entre el 2 y el 6 de julio, se disputar\u00e1 el torneo continental.<\/p>\n<p style=\"text-align: justify;\">Argentina ser\u00e1 uno de los ocho pa\u00edses participantes y compartir\u00e1 el Grupo A con Ecuador, Colombia y Uruguay, mientras que el Grupo B estar\u00e1 compuesto por Brasil, Chile, Paraguay y Bolivia. Luego de una fase regular de tres partidos, los dos mejores de cada zona acceder\u00e1n a las semifinales del viernes 5\/7.<\/p>\n<p style=\"text-align: justify;\">El debut de los dirigidos por Diego Lifschitz ser\u00e1 ante los ecuatorianos el martes 2\/7 a las 18hs, hora argentina. En la \u00faltima edici\u00f3n de este torneo, que se desarroll\u00f3 en el 2017 en Venezuela, nuestro pa\u00eds finaliz\u00f3 en la tercera posici\u00f3n.<\/p>\n<p style=\"text-align: justify;\">Si bien es la primera vez que la clase se re\u00fane como Selecci\u00f3n Nacional, el trabajo con esta camada tiene antecedentes. Algunos integrantes egresaron este a\u00f1o de la edici\u00f3n inaugural de la Academia CABB, donde entrenaron intensamente durante un mes. Adem\u00e1s, varios de los chicos estuvieron en el campamento que el Jr. NBA organiz\u00f3 en nuestro pa\u00eds, incluyendo los tres que pasaron a la siguiente etapa, en San Pablo del 24 al 26 de mayo.<\/p>\n","protected":false},"excerpt":{"rendered":"<p>El jugador de Tom\u00e1s de Rocamora de Concepci\u00f3n del Uruguay, Juan Ignacio Respaud, fue confirmado como parte de la Selecci\u00f3n Argentina U14 que viajar\u00e1 a Brasil para disputar su primer compromiso internacional, el Sudamericano U14 masculino. El equipo, que se encuentra trabajando en el CeNARD desde el pasado domingo, permanecer\u00e1 concentrado hasta el d\u00eda del [&hellip;]<\/p>\n","protected":false},"author":5,"featured_media":8447,"comment_status":"closed","ping_status":"open","sticky":false,"template":"","format":"standard","meta":[],"categories":[19],"tags":[],"_links":{"self":[{"href":"http:\/\/entreriosbasquet.com\/site\/wp-json\/wp\/v2\/posts\/8446"}],"collection":[{"href":"http:\/\/entreriosbasquet.com\/site\/wp-json\/wp\/v2\/posts"}],"about":[{"href":"http:\/\/entreriosbasquet.com\/site\/wp-json\/wp\/v2\/types\/post"}],"author":[{"embeddable":true,"href":"http:\/\/entreriosbasquet.com\/site\/wp-json\/wp\/v2\/users\/5"}],"replies":[{"embeddable":true,"href":"http:\/\/entreriosbasquet.com\/site\/wp-json\/wp\/v2\/comments?post=8446"}],"version-history":[{"count":2,"href":"http:\/\/entreriosbasquet.com\/site\/wp-json\/wp\/v2\/posts\/8446\/revisions"}],"predecessor-version":[{"id":8881,"href":"http:\/\/entreriosbasquet.com\/site\/wp-json\/wp\/v2\/posts\/8446\/revisions\/8881"}],"wp:featuredmedia":[{"embeddable":true,"href":"http:\/\/entreriosbasquet.com\/site\/wp-json\/wp\/v2\/media\/8447"}],"wp:attachment":[{"href":"http:\/\/entreriosbasquet.com\/site\/wp-json\/wp\/v2\/media?parent=8446"}],"wp:term":[{"taxonomy":"category","embeddable":true,"href":"http:\/\/entreriosbasquet.com\/site\/wp-json\/wp\/v2\/categories?post=8446"},{"taxonomy":"post_tag","embeddable":true,"href":"http:\/\/entreriosbasquet.com\/site\/wp-json\/wp\/v2\/tags?post=8446"}],"curies":[{"name":"wp","href":"https:\/\/api.w.org\/{rel}","templated":true}]}}