{"id":8439,"date":"2019-06-27T19:15:00","date_gmt":"2019-06-27T22:15:00","guid":{"rendered":"http:\/\/entreriosbasquet.com\/site\/?p=8439"},"modified":"2019-06-28T08:49:04","modified_gmt":"2019-06-28T11:49:04","slug":"tres-entrerrianas-en-la-ultima-concentracion-antes-del-mundial-u19","status":"publish","type":"post","link":"http:\/\/entreriosbasquet.com\/site\/2019\/06\/27\/tres-entrerrianas-en-la-ultima-concentracion-antes-del-mundial-u19\/","title":{"rendered":"Tres entrerrianas en la \u00faltima concentraci\u00f3n antes del Mundial U19"},"content":{"rendered":"<p style=\"text-align: justify;\">Con la presencia de las entrerrianas Camila Su\u00e1rez, Sof\u00eda Wolf y Malvina D&#8217;Agostino, se llevar\u00e1 adelante la \u00faltima concentraci\u00f3n del plantel U19 que representar\u00e1 a la Argentina en el Mundial de la categor\u00eda que se disputar\u00e1 en Bangkok, y la misma ser\u00e1 cuando comience julio, del 1 al 11 de ese mes.<\/p>\n<p style=\"text-align: justify;\">Para esa fase final de preparaci\u00f3n no solo se confirm\u00f3 el plantel de 14 convocadas, sino que adem\u00e1s se fijaron amistosos contra elencos conformados por varones.<\/p>\n<p style=\"text-align: justify;\">Esta concentraci\u00f3n finalizar\u00e1 la primera parte el d\u00eda 11, en el que el grupo se reducir\u00e1 de 14 a 12 seleccionadas, posteriormente abandonar\u00e1 el CeNARD y tomar\u00e1 el vuelo hacia Bangkok, Tailandia. Ser\u00e1 uno de los primeros combinados en llegar a tierra asi\u00e1tica, porque el Mundial reci\u00e9n comenzar\u00e1 el 20 de julio. Esos ocho d\u00edas en suelo tailand\u00e9s se aprovechar\u00e1n en su totalidad: adem\u00e1s del acondicionamiento a las quince horas de diferencia horaria, la Selecci\u00f3n Nacional disputar\u00e1 tres amistosos que ya est\u00e1n confirmados; el d\u00eda 16 se medir\u00e1 ante Canad\u00e1, el 17 frente a Estados Unidos y el 19 contra Colombia.<\/p>\n<p style=\"text-align: justify;\">Argentina debutar\u00e1 el 20\/07 ante Mali (Campe\u00f3n de \u00c1frica), luego se ver\u00e1 las caras contra B\u00e9lgica el 21\/07, y cerrar\u00e1 la primera ronda el 23\/07 frente China. Ese ser\u00e1 el camino inicial del seleccionado U19 en la pr\u00f3xima Copa del Mundo. Vale destacar que nuestra Selecci\u00f3n es parte de esta cita mundialista por haber finalizado tercera en el FIBA Am\u00e9ricas del 2018, con un plantel id\u00e9ntico al que afrontar\u00e1 la \u00faltima parte de la preparaci\u00f3n.<\/p>\n","protected":false},"excerpt":{"rendered":"<p>Con la presencia de las entrerrianas Camila Su\u00e1rez, Sof\u00eda Wolf y Malvina D&#8217;Agostino, se llevar\u00e1 adelante la \u00faltima concentraci\u00f3n del plantel U19 que representar\u00e1 a la Argentina en el Mundial de la categor\u00eda que se disputar\u00e1 en Bangkok, y la misma ser\u00e1 cuando comience julio, del 1 al 11 de ese mes. Para esa fase [&hellip;]<\/p>\n","protected":false},"author":5,"featured_media":8440,"comment_status":"closed","ping_status":"open","sticky":false,"template":"","format":"standard","meta":[],"categories":[21],"tags":[],"_links":{"self":[{"href":"http:\/\/entreriosbasquet.com\/site\/wp-json\/wp\/v2\/posts\/8439"}],"collection":[{"href":"http:\/\/entreriosbasquet.com\/site\/wp-json\/wp\/v2\/posts"}],"about":[{"href":"http:\/\/entreriosbasquet.com\/site\/wp-json\/wp\/v2\/types\/post"}],"author":[{"embeddable":true,"href":"http:\/\/entreriosbasquet.com\/site\/wp-json\/wp\/v2\/users\/5"}],"replies":[{"embeddable":true,"href":"http:\/\/entreriosbasquet.com\/site\/wp-json\/wp\/v2\/comments?post=8439"}],"version-history":[{"count":2,"href":"http:\/\/entreriosbasquet.com\/site\/wp-json\/wp\/v2\/posts\/8439\/revisions"}],"predecessor-version":[{"id":8445,"href":"http:\/\/entreriosbasquet.com\/site\/wp-json\/wp\/v2\/posts\/8439\/revisions\/8445"}],"wp:featuredmedia":[{"embeddable":true,"href":"http:\/\/entreriosbasquet.com\/site\/wp-json\/wp\/v2\/media\/8440"}],"wp:attachment":[{"href":"http:\/\/entreriosbasquet.com\/site\/wp-json\/wp\/v2\/media?parent=8439"}],"wp:term":[{"taxonomy":"category","embeddable":true,"href":"http:\/\/entreriosbasquet.com\/site\/wp-json\/wp\/v2\/categories?post=8439"},{"taxonomy":"post_tag","embeddable":true,"href":"http:\/\/entreriosbasquet.com\/site\/wp-json\/wp\/v2\/tags?post=8439"}],"curies":[{"name":"wp","href":"https:\/\/api.w.org\/{rel}","templated":true}]}}