{"id":8255,"date":"2019-05-25T02:14:25","date_gmt":"2019-05-25T05:14:25","guid":{"rendered":"http:\/\/entreriosbasquet.com\/site\/?p=8255"},"modified":"2019-05-25T02:14:25","modified_gmt":"2019-05-25T05:14:25","slug":"clara-montanana-entrena-con-la-jr-nba-en-brasil","status":"publish","type":"post","link":"http:\/\/entreriosbasquet.com\/site\/2019\/05\/25\/clara-montanana-entrena-con-la-jr-nba-en-brasil\/","title":{"rendered":"Clara Monta\u00f1ana entrena con la Jr NBA en Brasil"},"content":{"rendered":"<p style=\"text-align: justify;\">La jugadora del club Parque Sur, Clara Monta\u00f1ana ya entren\u00f3 este viernes con el resto de los jugadores convocados de diversos pa\u00edses en la ciudad de San Pablo, Brasil, en el marco del Campus Jr NBA se extender\u00e1 hasta el domingo.<\/p>\n<p style=\"text-align: justify;\">Esta cita internacional\u00a0cuenta con jugadores argentinos de cuatro Federaciones diferentes. Clara Monta\u00f1ana es la \u00fanica entrerriana en representaci\u00f3n de Argentina. La sure\u00f1a es una de las tres j\u00f3venes de nuestro pa\u00eds, junto a Juana Amaya del club Harrods y\u00a0Hentschel Dagmar de San Andr\u00e9s, ambos pertenecientes a la\u00a0FeBAMBA. En la foto de abajo las tres jugadoras argentinas antes de entrenar esta tarde en San Pablo.<\/p>\n<p style=\"text-align: justify;\">Santiago Agust\u00edn Candia, de Bahiense del Norte; el chaque\u00f1o de Regatas de Resistencia,\u00a0Tiago Ignacio\u00a0Drocezesky y Tiziano Prome de SMATA de Mar del Plata son los tres varones argentinos.<\/p>\n<p style=\"text-align: justify;\">Junto a Laura Cors (entrenadora principal de la Selecci\u00f3n Argentina U14 femenina y asistente de todas las categor\u00edas formativas), viajaron\u00a0hoy los jugadores seleccionados hacia esta\u00a0oportunidad de potenciar sus cualidades y aprender sobre factores extra-deportivos, en un evento organizado por la National Basketball Association.<\/p>\n<p style=\"text-align: justify;\">Pas\u00f3 el primero de los\u00a0tres d\u00edas con el mejor roce internacional para estos seis convocados, quienes brillaron en los \u00faltimos Argentinos U15 y se ganaron la posibilidad de estar en un campamento de esta val\u00eda.<strong>\u00a0<\/strong><\/p>\n<p style=\"text-align: justify;\">En las fotos de abajo las tres j\u00f3venes argentinas; la delegaci\u00f3n completa de jugadores de todos los pa\u00edses y Clara Monta\u00f1ana en Ezeiza junto a su mam\u00e1 Florencia Tamburlini, Marita Oliver y su hija, Yanina Mercancini, recientemente convocada por el equipo argentino que jugar\u00e1 en N\u00e1poles los\u00a0Juegos Mundiales Universitarios de Verano.<\/p>\n","protected":false},"excerpt":{"rendered":"<p>La jugadora del club Parque Sur, Clara Monta\u00f1ana ya entren\u00f3 este viernes con el resto de los jugadores convocados de diversos pa\u00edses en la ciudad de San Pablo, Brasil, en el marco del Campus Jr NBA se extender\u00e1 hasta el domingo. Esta cita internacional\u00a0cuenta con jugadores argentinos de cuatro Federaciones diferentes. Clara Monta\u00f1ana es la [&hellip;]<\/p>\n","protected":false},"author":5,"featured_media":8256,"comment_status":"closed","ping_status":"open","sticky":false,"template":"","format":"standard","meta":[],"categories":[21],"tags":[],"_links":{"self":[{"href":"http:\/\/entreriosbasquet.com\/site\/wp-json\/wp\/v2\/posts\/8255"}],"collection":[{"href":"http:\/\/entreriosbasquet.com\/site\/wp-json\/wp\/v2\/posts"}],"about":[{"href":"http:\/\/entreriosbasquet.com\/site\/wp-json\/wp\/v2\/types\/post"}],"author":[{"embeddable":true,"href":"http:\/\/entreriosbasquet.com\/site\/wp-json\/wp\/v2\/users\/5"}],"replies":[{"embeddable":true,"href":"http:\/\/entreriosbasquet.com\/site\/wp-json\/wp\/v2\/comments?post=8255"}],"version-history":[{"count":1,"href":"http:\/\/entreriosbasquet.com\/site\/wp-json\/wp\/v2\/posts\/8255\/revisions"}],"predecessor-version":[{"id":8257,"href":"http:\/\/entreriosbasquet.com\/site\/wp-json\/wp\/v2\/posts\/8255\/revisions\/8257"}],"wp:featuredmedia":[{"embeddable":true,"href":"http:\/\/entreriosbasquet.com\/site\/wp-json\/wp\/v2\/media\/8256"}],"wp:attachment":[{"href":"http:\/\/entreriosbasquet.com\/site\/wp-json\/wp\/v2\/media?parent=8255"}],"wp:term":[{"taxonomy":"category","embeddable":true,"href":"http:\/\/entreriosbasquet.com\/site\/wp-json\/wp\/v2\/categories?post=8255"},{"taxonomy":"post_tag","embeddable":true,"href":"http:\/\/entreriosbasquet.com\/site\/wp-json\/wp\/v2\/tags?post=8255"}],"curies":[{"name":"wp","href":"https:\/\/api.w.org\/{rel}","templated":true}]}}