{"id":8219,"date":"2019-05-21T02:01:13","date_gmt":"2019-05-21T05:01:13","guid":{"rendered":"http:\/\/entreriosbasquet.com\/site\/?p=8219"},"modified":"2019-05-21T02:01:13","modified_gmt":"2019-05-21T05:01:13","slug":"entrerrianas-participaran-en-los-juegos-mundiales-universitarios","status":"publish","type":"post","link":"http:\/\/entreriosbasquet.com\/site\/2019\/05\/21\/entrerrianas-participaran-en-los-juegos-mundiales-universitarios\/","title":{"rendered":"Entrerrianas participar\u00e1n en los Juegos Mundiales Universitarios"},"content":{"rendered":"<p style=\"text-align: justify;\">Las jugadoras entrerrianas Sof\u00eda Chelini (Talleres), Ornela Pag (Rocamora), Maribel Barzola (Rowing) y Yanina Mercancini (actualmente sin club) fueron convocadas para formar del representativo nacional de b\u00e1squetbol femenino que disputar\u00e1 los 30\u00b0 Juegos Mundiales Universitarios de Verano que se llevar\u00e1n a cabo del 3 al 14 de julio de este a\u00f1o en la ciudad italiana de N\u00e1poles.<\/p>\n<p style=\"text-align: justify;\">Los Juegos Mundiales de Verano o Universiadas son organizados por la Federacio\u0301n Internacional del Deporte Universitario (FISU) y se realizan cada dos an\u0303os, re\u00fanen a estudiantes deportistas de todo el mundo (entre 17 y 25 an\u0303os) del m\u00e1s alto nivel deportivo que compiten en 15 deportes.<\/p>\n<p style=\"text-align: justify;\">Esta competencia multideportiva pone en valor la doble carrera de los jo\u0301venes y el sacrificio que esta implica: Estudiar y hacer deporte de alto rendimiento. Adem\u00e1s, es una gran oportunidad para sumar experiencia internacional a su trayectoria deportiva.<\/p>\n<p style=\"text-align: justify;\">El Seleccionado Nacional partir\u00e1\u0301 de nuestro pa\u00eds el 27 de junio con la intenci\u00f3n de realizar encuentros previos como preparacio\u0301n para las Universiadas.<\/p>\n<p style=\"text-align: justify;\"><strong>LAS ENTRERRIANAS<\/strong><\/p>\n<p style=\"text-align: justify;\"><strong>Nombre \u2013 Localidad &#8211; Universidad<\/strong><\/p>\n<p style=\"text-align: justify;\">Maribel Barzola (Mar\u00eda Grande) \u2013 ISEF N\u00b027 Santa Fe<\/p>\n<p style=\"text-align: justify;\">Ornela Pag (C. del Uruguay) \u2013 UBA<\/p>\n<p style=\"text-align: justify;\">Yanina Mercancini (C. del Uruguay) \u2013 Universidad del Salvador<\/p>\n<p style=\"text-align: justify;\">Sof\u00eda Chelini (Paran\u00e1) \u2013 Univ. Nacional del Litoral<\/p>\n","protected":false},"excerpt":{"rendered":"<p>Las jugadoras entrerrianas Sof\u00eda Chelini (Talleres), Ornela Pag (Rocamora), Maribel Barzola (Rowing) y Yanina Mercancini (actualmente sin club) fueron convocadas para formar del representativo nacional de b\u00e1squetbol femenino que disputar\u00e1 los 30\u00b0 Juegos Mundiales Universitarios de Verano que se llevar\u00e1n a cabo del 3 al 14 de julio de este a\u00f1o en la ciudad italiana [&hellip;]<\/p>\n","protected":false},"author":5,"featured_media":8220,"comment_status":"closed","ping_status":"open","sticky":false,"template":"","format":"standard","meta":[],"categories":[21],"tags":[],"_links":{"self":[{"href":"http:\/\/entreriosbasquet.com\/site\/wp-json\/wp\/v2\/posts\/8219"}],"collection":[{"href":"http:\/\/entreriosbasquet.com\/site\/wp-json\/wp\/v2\/posts"}],"about":[{"href":"http:\/\/entreriosbasquet.com\/site\/wp-json\/wp\/v2\/types\/post"}],"author":[{"embeddable":true,"href":"http:\/\/entreriosbasquet.com\/site\/wp-json\/wp\/v2\/users\/5"}],"replies":[{"embeddable":true,"href":"http:\/\/entreriosbasquet.com\/site\/wp-json\/wp\/v2\/comments?post=8219"}],"version-history":[{"count":1,"href":"http:\/\/entreriosbasquet.com\/site\/wp-json\/wp\/v2\/posts\/8219\/revisions"}],"predecessor-version":[{"id":8221,"href":"http:\/\/entreriosbasquet.com\/site\/wp-json\/wp\/v2\/posts\/8219\/revisions\/8221"}],"wp:featuredmedia":[{"embeddable":true,"href":"http:\/\/entreriosbasquet.com\/site\/wp-json\/wp\/v2\/media\/8220"}],"wp:attachment":[{"href":"http:\/\/entreriosbasquet.com\/site\/wp-json\/wp\/v2\/media?parent=8219"}],"wp:term":[{"taxonomy":"category","embeddable":true,"href":"http:\/\/entreriosbasquet.com\/site\/wp-json\/wp\/v2\/categories?post=8219"},{"taxonomy":"post_tag","embeddable":true,"href":"http:\/\/entreriosbasquet.com\/site\/wp-json\/wp\/v2\/tags?post=8219"}],"curies":[{"name":"wp","href":"https:\/\/api.w.org\/{rel}","templated":true}]}}