{"id":8213,"date":"2019-05-19T11:06:48","date_gmt":"2019-05-19T14:06:48","guid":{"rendered":"http:\/\/entreriosbasquet.com\/site\/?p=8213"},"modified":"2019-05-19T11:06:48","modified_gmt":"2019-05-19T14:06:48","slug":"marco-percara-dirigira-la-seleccion-mayor-de-parana","status":"publish","type":"post","link":"http:\/\/entreriosbasquet.com\/site\/2019\/05\/19\/marco-percara-dirigira-la-seleccion-mayor-de-parana\/","title":{"rendered":"Marco Percara dirigir\u00e1 la Selecci\u00f3n Mayor de Paran\u00e1"},"content":{"rendered":"<p style=\"text-align: justify;\">La Mesa Directiva confirm\u00f3 como entrenador de la Selecci\u00f3n de Primera Divisi\u00f3n de Paran\u00e1 a Marco Percara para el Campeonato Entrerriano que se disputar\u00e1 en Concepci\u00f3n del Uruguay del 12 al 14 de julio.<\/p>\n<p>\u201cMe genera mucha felicidad que me tengan en cuenta y un poco de ansiedad por empezar a trabajar\u201d manifest\u00f3 el entrenador crespense de 26 a\u00f1os, que tendr\u00e1 su primera experiencia con la Selecci\u00f3n Mayor de Paran\u00e1.<\/p>\n<p>Marco Percara cuenta con un crecimiento r\u00e1pido e importante en su carrera. Tom\u00f3 el mando de Uni\u00f3n de Crespo -su club actual- en el 2015 y en el \u00faltimo tiempo llev\u00f3 a su equipo a instancias finales del certamen local y federativo, donde alcanz\u00f3 las semifinales en ambas competencias. \u201cMe llega en un momento en el que me siento con mucha confianza. Es una linda prueba para ver donde estoy parado, trabajar con jugadores de jerarqu\u00eda y voy a intentar imprimirle mi idea de juego al equipo\u201d dijo.<\/p>\n<p>Con respecto al nuevo desaf\u00edo sostuvo que \u201cme lo imagino un proceso corto pero muy intenso, con tomas de decisiones importantes en cuanto a la selecci\u00f3n de jugadores y poder llegarles con lo que pretendo del equipo\u201d.<\/p>\n<p>A pesar de su gran presente, siendo recientemente elegido mejor t\u00e9cnico de la Liga Provincial de Mayores, Percara sostuvo que no esperaba ser llamado. \u201cHay muchos entrenadores de experiencia y con un gran presente en Paran\u00e1, pero una vez que me lo ofrecieron ni lo dude. Me siento preparado y sobre todo con muchas ganas de trabajar, de seguir sumando experiencia y de hacer un buen papel\u201d.<\/p>\n<p>Por \u00faltimo, coment\u00f3 que \u201cla idea es tener un equipo que pueda correr la cancha con facilidad, intenso y bastante molesto en defensa, que podamos presionar y correr.\u00a0 Y en el juego estacionado me gusta que la ofensiva no pase por un solo jugador, tener muchas variantes e intentar buscar siempre el tiro m\u00e1s c\u00f3modo.<\/p>\n<p>En esta nueva experiencia estar\u00e1 acompa\u00f1ado por Agust\u00edn Faust y Juan Gastaldo, como asistentes, y Manuel Abasto se har\u00e1 cargo de la preparaci\u00f3n f\u00edsica.<\/p>\n","protected":false},"excerpt":{"rendered":"<p>La Mesa Directiva confirm\u00f3 como entrenador de la Selecci\u00f3n de Primera Divisi\u00f3n de Paran\u00e1 a Marco Percara para el Campeonato Entrerriano que se disputar\u00e1 en Concepci\u00f3n del Uruguay del 12 al 14 de julio. \u201cMe genera mucha felicidad que me tengan en cuenta y un poco de ansiedad por empezar a trabajar\u201d manifest\u00f3 el entrenador [&hellip;]<\/p>\n","protected":false},"author":5,"featured_media":8214,"comment_status":"closed","ping_status":"open","sticky":false,"template":"","format":"standard","meta":[],"categories":[20],"tags":[488],"_links":{"self":[{"href":"http:\/\/entreriosbasquet.com\/site\/wp-json\/wp\/v2\/posts\/8213"}],"collection":[{"href":"http:\/\/entreriosbasquet.com\/site\/wp-json\/wp\/v2\/posts"}],"about":[{"href":"http:\/\/entreriosbasquet.com\/site\/wp-json\/wp\/v2\/types\/post"}],"author":[{"embeddable":true,"href":"http:\/\/entreriosbasquet.com\/site\/wp-json\/wp\/v2\/users\/5"}],"replies":[{"embeddable":true,"href":"http:\/\/entreriosbasquet.com\/site\/wp-json\/wp\/v2\/comments?post=8213"}],"version-history":[{"count":1,"href":"http:\/\/entreriosbasquet.com\/site\/wp-json\/wp\/v2\/posts\/8213\/revisions"}],"predecessor-version":[{"id":8215,"href":"http:\/\/entreriosbasquet.com\/site\/wp-json\/wp\/v2\/posts\/8213\/revisions\/8215"}],"wp:featuredmedia":[{"embeddable":true,"href":"http:\/\/entreriosbasquet.com\/site\/wp-json\/wp\/v2\/media\/8214"}],"wp:attachment":[{"href":"http:\/\/entreriosbasquet.com\/site\/wp-json\/wp\/v2\/media?parent=8213"}],"wp:term":[{"taxonomy":"category","embeddable":true,"href":"http:\/\/entreriosbasquet.com\/site\/wp-json\/wp\/v2\/categories?post=8213"},{"taxonomy":"post_tag","embeddable":true,"href":"http:\/\/entreriosbasquet.com\/site\/wp-json\/wp\/v2\/tags?post=8213"}],"curies":[{"name":"wp","href":"https:\/\/api.w.org\/{rel}","templated":true}]}}