{"id":7421,"date":"2019-02-20T15:04:54","date_gmt":"2019-02-20T18:04:54","guid":{"rendered":"http:\/\/entreriosbasquet.com\/site\/?p=7421"},"modified":"2019-02-20T15:04:54","modified_gmt":"2019-02-20T18:04:54","slug":"asi-sera-el-torneo-dos-orillas-2019-de-primera-division","status":"publish","type":"post","link":"http:\/\/entreriosbasquet.com\/site\/2019\/02\/20\/asi-sera-el-torneo-dos-orillas-2019-de-primera-division\/","title":{"rendered":"As\u00ed ser\u00e1 el Torneo Dos Orillas 2019 de Primera Divisi\u00f3n"},"content":{"rendered":"<p style=\"text-align: justify;\">Este martes en la Asociaci\u00f3n Paranaense de B\u00e1squet (Italia 255) se llev\u00f3 a cabo una reuni\u00f3n con los pares de Santa Fe para definir detalles del Torneo Dos Orillas 2019. En esta nueva temporada el certamen se denominar\u00e1 \u201cT\u00fanel Subfluvial Ra\u00fal Uranga-Sylvestre Begnis\u201d, nombre especial por los 50 a\u00f1os. Tambi\u00e9n se conmemorar\u00e1 los 90 a\u00f1os de ambos entes basquetbol\u00edsticos. Asimismo la fecha de inicio ser\u00e1 el 5 de marzo, siendo el jueves 7 la inauguraci\u00f3n, y habr\u00e1 36 participantes.<\/p>\n<p style=\"text-align: justify;\">El certamen que organizan en conjunto Paran\u00e1 y Santa Fe va tomando color. Este martes se defini\u00f3 el nombre del torneo y la conformaci\u00f3n de las zonas, con sus respectivos homenajes a figuras destacadas de ambas ciudades en una reuni\u00f3n desarrollada en la capital entrerriana con la presencia de los presidentes Augusto Barbaglia (APB) y Roberto Monti (ASB), adem\u00e1s de Leandro An\u00edbal Blanc, Pablo Sarli, Gustavo Pratti y Daniel Colussi.<\/p>\n<p style=\"text-align: justify;\">Siguiendo con el formato de los \u00faltimos a\u00f1os, con Zona Campeonato y Ascenso, el Torneo\u00a0Dos\u00a0Orillas\u00a0tendr\u00e1 la presencia de 36 equipos de ambas asociaciones, uno m\u00e1s que el a\u00f1o anterior, ya que se suman Quique B y Alumni. En total ser\u00e1n 19 de Santa Fe y 17 de Paran\u00e1.<\/p>\n<p style=\"text-align: justify;\">En la Zona A1 incursionar\u00e1n 20 conjuntos y estar\u00e1 dividido en cuatro grupos de cinco equipos, que jugar\u00e1n a dos ruedas antes de quedar emparejados por la tabla general para los playoffs por el t\u00edtulo y el descenso. Aqu\u00ed, Sionista decidi\u00f3 no ser parte de la Campeonato, por lo que su lugar ser\u00e1 ocupado por Rivadavia B, quien fue el mejor ubicado del Ascenso 2018.<\/p>\n<p style=\"text-align: justify;\">Mientras que en la Zona A2 habr\u00e1 tres grupos, dos de cinco y uno de seis, y se mantendr\u00e1n los dos ascensos directos y las dos llaves repechaje.<\/p>\n<p style=\"text-align: justify;\">Almagro B de Esperanza desisti\u00f3 de ser parte del campeonato con respecto al a\u00f1o pasado; en tanto que Alumni de Laguna Paiva y Quique B son los nuevos participantes.<\/p>\n<p style=\"text-align: justify;\">A continuaci\u00f3n se detalla como quedaron conformadas las zonas:<\/p>\n<p style=\"text-align: justify;\"><span style=\"color: #ff0000;\"><strong>ZONA CAMPEONATO (A1)<\/strong><\/span><\/p>\n<p style=\"text-align: justify;\">Zona A \u201cHugo Salierno\u201d:\u00a0Gimnasia y Esgrima, Recreativo A, Rowing, Col\u00f3n SJ y Rep\u00fablica del Oeste.<\/p>\n<p style=\"text-align: justify;\">Zona B \u201cDario Rodr\u00edguez\u201d:\u00a0Olimpia, Uni\u00f3n de Crespo, Talleres, Rivadavia A y Macabi.<\/p>\n<p style=\"text-align: justify;\">Zona C \u201cJulio Soto\u201d:\u00a0Ciclista, Col\u00f3n SF, Almagro A, Estudiantes A y Rivadavia B.<\/p>\n<p style=\"text-align: justify;\">Zona D \u201cAna Meiners\u201d:\u00a0Alma Juniors, Regatas SF, Uni\u00f3n SF, Echag\u00fce y Paracao.<\/p>\n<p style=\"text-align: justify;\"><strong><span style=\"color: #ff0000;\">ZONA ASCENSO (A2)<\/span><\/strong><\/p>\n<p style=\"text-align: justify;\">Zona A \u201cEnrique Serrao\u201d:\u00a0CUST, Mar\u00eda Grande, Quique A, El Quill\u00e1 y Santa Rosa.<\/p>\n<p style=\"text-align: justify;\">Zona B \u201cAna Mar\u00eda Gim\u00e9nez\u201d:\u00a0Sionista, Regatas Coronda, Uni\u00f3n SF B, Recreativo B, Quique B y Alumni.<\/p>\n<p style=\"text-align: justify;\">Zona C \u201cNestor Meglio\u201d:\u00a0Banco Provincial, San Mart\u00edn, Sanjustino, Estudiantes B, Patronato.<\/p>\n","protected":false},"excerpt":{"rendered":"<p>Este martes en la Asociaci\u00f3n Paranaense de B\u00e1squet (Italia 255) se llev\u00f3 a cabo una reuni\u00f3n con los pares de Santa Fe para definir detalles del Torneo Dos Orillas 2019. En esta nueva temporada el certamen se denominar\u00e1 \u201cT\u00fanel Subfluvial Ra\u00fal Uranga-Sylvestre Begnis\u201d, nombre especial por los 50 a\u00f1os. Tambi\u00e9n se conmemorar\u00e1 los 90 a\u00f1os [&hellip;]<\/p>\n","protected":false},"author":5,"featured_media":7422,"comment_status":"closed","ping_status":"open","sticky":false,"template":"","format":"standard","meta":[],"categories":[20],"tags":[252,483],"_links":{"self":[{"href":"http:\/\/entreriosbasquet.com\/site\/wp-json\/wp\/v2\/posts\/7421"}],"collection":[{"href":"http:\/\/entreriosbasquet.com\/site\/wp-json\/wp\/v2\/posts"}],"about":[{"href":"http:\/\/entreriosbasquet.com\/site\/wp-json\/wp\/v2\/types\/post"}],"author":[{"embeddable":true,"href":"http:\/\/entreriosbasquet.com\/site\/wp-json\/wp\/v2\/users\/5"}],"replies":[{"embeddable":true,"href":"http:\/\/entreriosbasquet.com\/site\/wp-json\/wp\/v2\/comments?post=7421"}],"version-history":[{"count":1,"href":"http:\/\/entreriosbasquet.com\/site\/wp-json\/wp\/v2\/posts\/7421\/revisions"}],"predecessor-version":[{"id":7423,"href":"http:\/\/entreriosbasquet.com\/site\/wp-json\/wp\/v2\/posts\/7421\/revisions\/7423"}],"wp:featuredmedia":[{"embeddable":true,"href":"http:\/\/entreriosbasquet.com\/site\/wp-json\/wp\/v2\/media\/7422"}],"wp:attachment":[{"href":"http:\/\/entreriosbasquet.com\/site\/wp-json\/wp\/v2\/media?parent=7421"}],"wp:term":[{"taxonomy":"category","embeddable":true,"href":"http:\/\/entreriosbasquet.com\/site\/wp-json\/wp\/v2\/categories?post=7421"},{"taxonomy":"post_tag","embeddable":true,"href":"http:\/\/entreriosbasquet.com\/site\/wp-json\/wp\/v2\/tags?post=7421"}],"curies":[{"name":"wp","href":"https:\/\/api.w.org\/{rel}","templated":true}]}}