{"id":7418,"date":"2019-02-20T15:01:43","date_gmt":"2019-02-20T18:01:43","guid":{"rendered":"http:\/\/entreriosbasquet.com\/site\/?p=7418"},"modified":"2019-02-20T15:01:43","modified_gmt":"2019-02-20T18:01:43","slug":"fernando-dose-vine-para-sumar-no-para-ser-protagonista","status":"publish","type":"post","link":"http:\/\/entreriosbasquet.com\/site\/2019\/02\/20\/fernando-dose-vine-para-sumar-no-para-ser-protagonista\/","title":{"rendered":"Fernando Dose: \u00abVine para sumar, no para ser protagonista\u00bb"},"content":{"rendered":"<p style=\"text-align: justify;\">El viernes pasado el paraguayo con nacionalidad argentina Fernando Gabriel Dose debut\u00f3 con la camiseta de Rocamora en la derrota que sufri\u00f3 el Rojo, como local, a manos de Platense; l\u00edder absoluto de la Conferencia Sur en la Liga Argentina de B\u00e1squetbol. El ala pivote que lleg\u00f3 desde San Mart\u00edn de La Rioja en el Torneo Federal acept\u00f3 que no fue el debut esperado y se mostr\u00f3 optimista para que lo que sigue en el camino del elenco uruguayense.<\/p>\n<p style=\"text-align: justify;\">Tras un fin de semana de descanso el plantel que dirige Juan Manuel Varas volvi\u00f3 a entrenar el lunes en doble turno\u00a0 y repetir\u00e1 rutina este martes. Al t\u00e9rmino de la pr\u00e1ctica matutina el jugador habl\u00f3 de varios temas. \u201cNo fue el debut para el cual hab\u00edamos trabajado en la semana, no nos sali\u00f3 nada sinceramente ni en ataque ni en defensa y nos encontramos con un Platense que pr\u00e1cticamente la tiraba de espaldas y la met\u00eda\u201d, manifest\u00f3 en el inicio de la charla.<\/p>\n<p style=\"text-align: justify;\">\u201cQuedamos tristes por la derrota y porque se hab\u00eda trabajado bien pero ya pas\u00f3, sabemos de nuestros errores y estamos trabajando en eso; haciendo hincapi\u00e9 en lo que hicimos mal para poder enfrentar el viernes a Centro Espa\u00f1ol\u201d, agreg\u00f3 despu\u00e9s quien naci\u00f3 en Pedro Juan Caballero, capital del Departamento de Amambay en el vecino pa\u00eds.<\/p>\n<p style=\"text-align: justify;\">Claro est\u00e1 que un solo partido no sirve como medida para evaluar un rendimiento personal y colectivo. La pregunta para Dose, entonces, fue si esperaba que el debut se diera tan complicado. \u201cCreo que el partido sirve bastante para medir c\u00f3mo estamos, Platense es el puntero y as\u00ed sabemos cu\u00e1l es la situaci\u00f3n del equipo. Sin embargo, nosotros nos acoplamos hace reci\u00e9n una semana y es dif\u00edcil lograr una qu\u00edmica de equipo. S\u00ed sabemos d\u00f3nde nos encontramos y a partir de ah\u00ed poder trabajar sobre eso\u201d, respondi\u00f3 haciendo alusi\u00f3n a su llegada y a la del p\u00edvot uruguayo Rogelio De Le\u00f3n.<\/p>\n<p style=\"text-align: justify;\">En relaci\u00f3n al partido que se vendr\u00e1 el viernes, ante Centro Espa\u00f1ol de Plottier, opin\u00f3: \u201cVimos que es un equipo muy duro, ya comenzamos a trabajar ayer el tema del scouting\u00a0con el profe; venimos trabajando muy bien la parte defensiva y tendremos que tratar de no cometer los errores que tuvimos en el partido anterior\u201d.<\/p>\n<p style=\"text-align: justify;\">Rocamora en esta Segunda Fase se retras\u00f3 de los primeros lugares tras las \u00faltimas cuatro derrotas por lo que los dos partidos que tendr\u00e1 seguidos como local asoman como una clara oportunidad para lograr cuatro puntos y volver a subir. \u201cPara nosotros el partido es muy importante porque ellos est\u00e1n arriba nuestro, ser\u00eda valioso poder acercarnos y despu\u00e9s vendr\u00e1 La Uni\u00f3n de Col\u00f3n que tambi\u00e9n ser\u00e1 importante para seguir escalando. Creo que ganando dos o tres partidos m\u00e1s estar\u00edamos en la posici\u00f3n que Rocamora quiere estar y ese es el primer objetivo\u201d, reflexion\u00f3 el respecto.<\/p>\n<p style=\"text-align: justify;\">Luego lleg\u00f3 el turno de hablar acerca de c\u00f3mo se insert\u00f3 en el grupo y en el d\u00eda a d\u00eda del club. \u201cBastante bien\u201d, asegur\u00f3 r\u00e1pido. Y a\u00f1adi\u00f3: \u201cDesde la parte dirigencial hasta los profes y compa\u00f1eros todo ha sido excelente; gente humilde, gente responsable y muy buena. Es muy lindo poder trabajar en un lugar as\u00ed y la verdad que me siento como en casa\u201d.<\/p>\n<p style=\"text-align: justify;\">Y de ah\u00ed fue l\u00f3gico pasar a c\u00f3mo hab\u00edan tomado la familia y amigos esta llegada a la Liga Argentina. \u201cDe lo mejor, me escribieron varias personas; amigos y familiares, para felicitarme. Est\u00e1n muy contentos conmigo y bueno\u2026 (risas) ahora quieren que me quede en esta\u00a0 Liga; no quieren m\u00e1s que baje, de ac\u00e1 para arriba\u201d, \u00a0se ilusion\u00f3.<\/p>\n<p style=\"text-align: justify;\">\u201cEl primer objetivo es como equipo, yo solo vengo a sumar; lo dije desde el primer momento, que vine a Rocamora para sumar y no para ser protagonista. Quiero que al equipo le vaya bien y si eso pasa a m\u00ed tambi\u00e9n me ir\u00e1 bien. Por eso espero que Rocamora llegue lo m\u00e1s lejos posible y el nombre del club quede en lo m\u00e1s alto para que en lo personal me vaya bien\u201d, indic\u00f3 finalmente el jugador de 24 a\u00f1os y 1.98 de altura en referencia a los desaf\u00edos que le depara esta llagada al Rojo uruguayense.<\/p>\n","protected":false},"excerpt":{"rendered":"<p>El viernes pasado el paraguayo con nacionalidad argentina Fernando Gabriel Dose debut\u00f3 con la camiseta de Rocamora en la derrota que sufri\u00f3 el Rojo, como local, a manos de Platense; l\u00edder absoluto de la Conferencia Sur en la Liga Argentina de B\u00e1squetbol. El ala pivote que lleg\u00f3 desde San Mart\u00edn de La Rioja en el [&hellip;]<\/p>\n","protected":false},"author":5,"featured_media":7419,"comment_status":"closed","ping_status":"open","sticky":false,"template":"","format":"standard","meta":[],"categories":[11],"tags":[482,197,26],"_links":{"self":[{"href":"http:\/\/entreriosbasquet.com\/site\/wp-json\/wp\/v2\/posts\/7418"}],"collection":[{"href":"http:\/\/entreriosbasquet.com\/site\/wp-json\/wp\/v2\/posts"}],"about":[{"href":"http:\/\/entreriosbasquet.com\/site\/wp-json\/wp\/v2\/types\/post"}],"author":[{"embeddable":true,"href":"http:\/\/entreriosbasquet.com\/site\/wp-json\/wp\/v2\/users\/5"}],"replies":[{"embeddable":true,"href":"http:\/\/entreriosbasquet.com\/site\/wp-json\/wp\/v2\/comments?post=7418"}],"version-history":[{"count":1,"href":"http:\/\/entreriosbasquet.com\/site\/wp-json\/wp\/v2\/posts\/7418\/revisions"}],"predecessor-version":[{"id":7420,"href":"http:\/\/entreriosbasquet.com\/site\/wp-json\/wp\/v2\/posts\/7418\/revisions\/7420"}],"wp:featuredmedia":[{"embeddable":true,"href":"http:\/\/entreriosbasquet.com\/site\/wp-json\/wp\/v2\/media\/7419"}],"wp:attachment":[{"href":"http:\/\/entreriosbasquet.com\/site\/wp-json\/wp\/v2\/media?parent=7418"}],"wp:term":[{"taxonomy":"category","embeddable":true,"href":"http:\/\/entreriosbasquet.com\/site\/wp-json\/wp\/v2\/categories?post=7418"},{"taxonomy":"post_tag","embeddable":true,"href":"http:\/\/entreriosbasquet.com\/site\/wp-json\/wp\/v2\/tags?post=7418"}],"curies":[{"name":"wp","href":"https:\/\/api.w.org\/{rel}","templated":true}]}}