{"id":5912,"date":"2018-09-13T01:45:03","date_gmt":"2018-09-13T04:45:03","guid":{"rendered":"http:\/\/entreriosbasquet.com\/site\/?p=5912"},"modified":"2018-09-14T01:54:46","modified_gmt":"2018-09-14T04:54:46","slug":"agasse-confio-plenamente-en-el-plantel-que-se-armo","status":"publish","type":"post","link":"http:\/\/entreriosbasquet.com\/site\/2018\/09\/13\/agasse-confio-plenamente-en-el-plantel-que-se-armo\/","title":{"rendered":"Agasse: \u00abConf\u00edo plenamente en el plantel que se arm\u00f3\u00bb"},"content":{"rendered":"<p style=\"text-align: justify;\">Olimpia sigue con los entrenamientos de pretemporada con vistas a una nueva edici\u00f3n del Torneo Federal de B\u00e1squet, que dar\u00e1 inicio el 19 de octubre. Nicol\u00e1s Agasse habl\u00f3 sobre la primera semana de trabajo, la conformaci\u00f3n del grupo y los objetivos.<\/p>\n<p style=\"text-align: justify;\">El \u00abAzulgrana\u00bb se prepara para su segunda temporada en la tercera categor\u00eda del b\u00e1squet nacional. Renovado, con caras nuevas y otras que contin\u00faan, el CAO culmin\u00f3 la primera semana de trabajos y se presta para encarar la segunda en doble turno.<\/p>\n<p style=\"text-align: justify;\">\u201cFue una semana intensa, cuesta la primera hasta que agarremos ritmo\u201d\u00a0dijo el base azulgrana que afronta su cuarta pretemporada consecutiva en las filas del Club Atl\u00e9tico Olimpia.\u00a0\u201cEs importante para lo que viene, contento de poder cerrarla de la mejor manera. El equipo est\u00e1 bien, completo e hicimos una buena semana de trabajo\u201dagreg\u00f3.<\/p>\n<p style=\"text-align: justify;\">\u201cEl hecho de estar completo y de ir conoci\u00e9ndonos es bueno. Por el momento estamos haciendo hincapi\u00e9 en la parte f\u00edsica porque en la basquetbol\u00edstica nos queda mucho por conocer, con paciencia, sumando m\u00e1s entrenamientos y despu\u00e9s amistosos para tratar de llegar de la mejor manera al inicio del campeonato\u201d.<\/p>\n<p style=\"text-align: justify;\">Respecto de la conformaci\u00f3n del grupo, el ex Estudiantes de Concordia asever\u00f3: \u00abMe gusta, la verdad con un grupo de muchos amigos, personalmente muy contento de poder compartir equipo con ellos. S\u00e9 que somos buena gente y en cuanto a la calidad basquetbol\u00edstica conf\u00edo plenamente en el plantel que se arm\u00f3, tenemos un gran equipo para dar batalla.<\/p>\n<p style=\"text-align: justify;\">En cuanto a los objetivos, Agasse dio su opini\u00f3n y fue tajante:\u00a0\u201cla vara va a estar alta\u201d.\u00a0\u201cNo se han planteado los objetivos todav\u00eda, a priori y el m\u00e1s a corto plazo es cerrar bien la pretemporada, hacer una buena base para lo que viene. Se arm\u00f3 un equipo muy bueno\u201d\u00a0sostuvo esperanzado.<\/p>\n<p style=\"text-align: justify;\">Por \u00faltimo, Nicol\u00e1s Agasse manifest\u00f3 sus sensaciones de jugar una temporada m\u00e1s en la instituci\u00f3n:\u00a0\u201cEstoy muy contento de estar vistiendo la camiseta que amo, en el club donde est\u00e1 toda mi familia ligada, mis amigos y donde me siento muy c\u00f3modo. Es un esfuerzo grande y una responsabilidad teniendo en cuenta mi carga horaria con lo laboral pero lo asumo con todo el compromiso que se merece, contento de poder hacerlo y agradecido tambi\u00e9n\u201d.<\/p>\n","protected":false},"excerpt":{"rendered":"<p>Olimpia sigue con los entrenamientos de pretemporada con vistas a una nueva edici\u00f3n del Torneo Federal de B\u00e1squet, que dar\u00e1 inicio el 19 de octubre. Nicol\u00e1s Agasse habl\u00f3 sobre la primera semana de trabajo, la conformaci\u00f3n del grupo y los objetivos. El \u00abAzulgrana\u00bb se prepara para su segunda temporada en la tercera categor\u00eda del b\u00e1squet [&hellip;]<\/p>\n","protected":false},"author":5,"featured_media":5913,"comment_status":"closed","ping_status":"open","sticky":false,"template":"","format":"standard","meta":[],"categories":[16],"tags":[48,46,29],"_links":{"self":[{"href":"http:\/\/entreriosbasquet.com\/site\/wp-json\/wp\/v2\/posts\/5912"}],"collection":[{"href":"http:\/\/entreriosbasquet.com\/site\/wp-json\/wp\/v2\/posts"}],"about":[{"href":"http:\/\/entreriosbasquet.com\/site\/wp-json\/wp\/v2\/types\/post"}],"author":[{"embeddable":true,"href":"http:\/\/entreriosbasquet.com\/site\/wp-json\/wp\/v2\/users\/5"}],"replies":[{"embeddable":true,"href":"http:\/\/entreriosbasquet.com\/site\/wp-json\/wp\/v2\/comments?post=5912"}],"version-history":[{"count":1,"href":"http:\/\/entreriosbasquet.com\/site\/wp-json\/wp\/v2\/posts\/5912\/revisions"}],"predecessor-version":[{"id":5914,"href":"http:\/\/entreriosbasquet.com\/site\/wp-json\/wp\/v2\/posts\/5912\/revisions\/5914"}],"wp:featuredmedia":[{"embeddable":true,"href":"http:\/\/entreriosbasquet.com\/site\/wp-json\/wp\/v2\/media\/5913"}],"wp:attachment":[{"href":"http:\/\/entreriosbasquet.com\/site\/wp-json\/wp\/v2\/media?parent=5912"}],"wp:term":[{"taxonomy":"category","embeddable":true,"href":"http:\/\/entreriosbasquet.com\/site\/wp-json\/wp\/v2\/categories?post=5912"},{"taxonomy":"post_tag","embeddable":true,"href":"http:\/\/entreriosbasquet.com\/site\/wp-json\/wp\/v2\/tags?post=5912"}],"curies":[{"name":"wp","href":"https:\/\/api.w.org\/{rel}","templated":true}]}}