{"id":5909,"date":"2018-09-14T00:54:54","date_gmt":"2018-09-14T03:54:54","guid":{"rendered":"http:\/\/entreriosbasquet.com\/site\/?p=5909"},"modified":"2018-09-14T00:54:54","modified_gmt":"2018-09-14T03:54:54","slug":"union-de-crespo-vuelve-a-la-liga-provincial-de-mayores","status":"publish","type":"post","link":"http:\/\/entreriosbasquet.com\/site\/2018\/09\/14\/union-de-crespo-vuelve-a-la-liga-provincial-de-mayores\/","title":{"rendered":"Uni\u00f3n de Crespo vuelve a la Liga Provincial de Mayores"},"content":{"rendered":"<p style=\"text-align: justify;\">Era algo que sonaba cada vez con mayor fuerza y finalmente se confirm\u00f3 que Uni\u00f3n de Crespo volver\u00e1 a formar parte del Campeonato Entrerriano Masculino de Clubes de Primera Divisi\u00f3n para la temporada 2018\/2019.<\/p>\n<p style=\"text-align: justify;\">Luego del triunfo ante Echag\u00fce de Paran\u00e1 (64 a 57) por la d\u00e9cima fecha del Torneo \u201cSergio Blanquito S\u00e1nchez\u201d de la Asociaci\u00f3n Paranaense de B\u00e1squet, desde el Departamento de Prensa de la entidad crespense se confirm\u00f3 que el plantel superior jugar\u00e1 la Liga Provincial, que iniciar\u00e1 el primer fin de semana de noviembre.<\/p>\n<p style=\"text-align: justify;\">En su \u00faltima participaci\u00f3n el \u201cVerde\u201d, que era dirigido por Oscar \u201cCachi\u201d Bonell hab\u00eda llegado a los octavos de final perdiendo la eliminatoria con Juventud Unida de Gualeguaych\u00fa.<\/p>\n<p>&nbsp;<\/p>\n","protected":false},"excerpt":{"rendered":"<p>Era algo que sonaba cada vez con mayor fuerza y finalmente se confirm\u00f3 que Uni\u00f3n de Crespo volver\u00e1 a formar parte del Campeonato Entrerriano Masculino de Clubes de Primera Divisi\u00f3n para la temporada 2018\/2019. Luego del triunfo ante Echag\u00fce de Paran\u00e1 (64 a 57) por la d\u00e9cima fecha del Torneo \u201cSergio Blanquito S\u00e1nchez\u201d de la [&hellip;]<\/p>\n","protected":false},"author":5,"featured_media":5910,"comment_status":"closed","ping_status":"open","sticky":false,"template":"","format":"standard","meta":[],"categories":[17],"tags":[275,442],"_links":{"self":[{"href":"http:\/\/entreriosbasquet.com\/site\/wp-json\/wp\/v2\/posts\/5909"}],"collection":[{"href":"http:\/\/entreriosbasquet.com\/site\/wp-json\/wp\/v2\/posts"}],"about":[{"href":"http:\/\/entreriosbasquet.com\/site\/wp-json\/wp\/v2\/types\/post"}],"author":[{"embeddable":true,"href":"http:\/\/entreriosbasquet.com\/site\/wp-json\/wp\/v2\/users\/5"}],"replies":[{"embeddable":true,"href":"http:\/\/entreriosbasquet.com\/site\/wp-json\/wp\/v2\/comments?post=5909"}],"version-history":[{"count":1,"href":"http:\/\/entreriosbasquet.com\/site\/wp-json\/wp\/v2\/posts\/5909\/revisions"}],"predecessor-version":[{"id":5911,"href":"http:\/\/entreriosbasquet.com\/site\/wp-json\/wp\/v2\/posts\/5909\/revisions\/5911"}],"wp:featuredmedia":[{"embeddable":true,"href":"http:\/\/entreriosbasquet.com\/site\/wp-json\/wp\/v2\/media\/5910"}],"wp:attachment":[{"href":"http:\/\/entreriosbasquet.com\/site\/wp-json\/wp\/v2\/media?parent=5909"}],"wp:term":[{"taxonomy":"category","embeddable":true,"href":"http:\/\/entreriosbasquet.com\/site\/wp-json\/wp\/v2\/categories?post=5909"},{"taxonomy":"post_tag","embeddable":true,"href":"http:\/\/entreriosbasquet.com\/site\/wp-json\/wp\/v2\/tags?post=5909"}],"curies":[{"name":"wp","href":"https:\/\/api.w.org\/{rel}","templated":true}]}}