{"id":5292,"date":"2018-07-04T16:46:19","date_gmt":"2018-07-04T19:46:19","guid":{"rendered":"http:\/\/entreriosbasquet.com\/site\/?p=5292"},"modified":"2018-07-04T16:46:19","modified_gmt":"2018-07-04T19:46:19","slug":"varisco-va-a-ser-un-partido-dificil-ojala-podamos-sacarlo-adelante","status":"publish","type":"post","link":"http:\/\/entreriosbasquet.com\/site\/2018\/07\/04\/varisco-va-a-ser-un-partido-dificil-ojala-podamos-sacarlo-adelante\/","title":{"rendered":"Varisco: \u201cVa a ser un partido dif\u00edcil, ojal\u00e1 podamos sacarlo adelante\u201d"},"content":{"rendered":"<p style=\"text-align: justify;\">Tras la primera victoria de Argentina en el Campeonato del Mundo de la categor\u00eda U17, el paranaense Ignacio Varisco charl\u00f3 en exclusiva con Entre R\u00edos B\u00e1squet. El actual jugador de Ferro Carril Oeste se refiri\u00f3 al \u00e9xito ante Filipinas y el duelo de octavos de final de este mi\u00e9rcoles ante Montenegro.<\/p>\n<p style=\"text-align: justify;\">\u201cCost\u00f3 bastante poder lograr este primer triunfo. Fue un partido lindo pero tuvimos que trabajar mucho y al final se nos termin\u00f3 dando. En los \u00faltimos minutos se nos cerr\u00f3 un poco el aro pero pudimos llevarnos la victoria\u201d, indic\u00f3 el entrerriano.<\/p>\n<p style=\"text-align: justify;\">Sobre las claves en lo colectivo para superar a los asi\u00e1ticos, Varisco dijo: \u201cPor momentos le\u00edmos bien el juego y nos dimos cuenta por donde atacar a Filipinas. Tambi\u00e9n ten\u00edamos claro que a ellos les conven\u00eda correr la cancha y entendimos que deb\u00edamos jugar m\u00e1s tranquilos. Y despu\u00e9s destacar que no nos volvimos locos cuando ellos pasaron al frente y pudimos darlo vuelta\u201d<\/p>\n<p style=\"text-align: justify;\">\u201cNacho\u201d ingres\u00f3 al juego en el tercer cuarto y en la primera bola que lleg\u00f3 a sus manos encest\u00f3 un triple en su \u00fanico tiro de la noche. \u201cVen\u00eda de no entrar en el primer tiempo pero uno no pierde la confianza. Si es por el bien del equipo, no pasa nada si estamos en el banco o en la cancha; el equipo est\u00e1 por encima de todos. Estoy contento por haber jugado y esta victoria nos sirve para seguir creciendo y mejorando\u201d, asever\u00f3.<\/p>\n<p style=\"text-align: justify;\">Por \u00faltimo, el campe\u00f3n argentino U13 con el Seleccionado de Entre R\u00edos en el Argentino de 2014 habl\u00f3 del rival de octavos de final (20.30 hs. en Rosario): \u201cCon Montenegro va a ser un partido dif\u00edcil, como todos los rivales europeos, y ojal\u00e1 podamos sacarlo adelante. Venimos peleando los partidos y como equipo estamos bien para intentar meternos entre los ocho\u201d.<\/p>\n","protected":false},"excerpt":{"rendered":"<p>Tras la primera victoria de Argentina en el Campeonato del Mundo de la categor\u00eda U17, el paranaense Ignacio Varisco charl\u00f3 en exclusiva con Entre R\u00edos B\u00e1squet. El actual jugador de Ferro Carril Oeste se refiri\u00f3 al \u00e9xito ante Filipinas y el duelo de octavos de final de este mi\u00e9rcoles ante Montenegro. \u201cCost\u00f3 bastante poder lograr [&hellip;]<\/p>\n","protected":false},"author":1,"featured_media":5293,"comment_status":"closed","ping_status":"open","sticky":false,"template":"","format":"standard","meta":[],"categories":[260,379],"tags":[91,377],"_links":{"self":[{"href":"http:\/\/entreriosbasquet.com\/site\/wp-json\/wp\/v2\/posts\/5292"}],"collection":[{"href":"http:\/\/entreriosbasquet.com\/site\/wp-json\/wp\/v2\/posts"}],"about":[{"href":"http:\/\/entreriosbasquet.com\/site\/wp-json\/wp\/v2\/types\/post"}],"author":[{"embeddable":true,"href":"http:\/\/entreriosbasquet.com\/site\/wp-json\/wp\/v2\/users\/1"}],"replies":[{"embeddable":true,"href":"http:\/\/entreriosbasquet.com\/site\/wp-json\/wp\/v2\/comments?post=5292"}],"version-history":[{"count":1,"href":"http:\/\/entreriosbasquet.com\/site\/wp-json\/wp\/v2\/posts\/5292\/revisions"}],"predecessor-version":[{"id":5294,"href":"http:\/\/entreriosbasquet.com\/site\/wp-json\/wp\/v2\/posts\/5292\/revisions\/5294"}],"wp:featuredmedia":[{"embeddable":true,"href":"http:\/\/entreriosbasquet.com\/site\/wp-json\/wp\/v2\/media\/5293"}],"wp:attachment":[{"href":"http:\/\/entreriosbasquet.com\/site\/wp-json\/wp\/v2\/media?parent=5292"}],"wp:term":[{"taxonomy":"category","embeddable":true,"href":"http:\/\/entreriosbasquet.com\/site\/wp-json\/wp\/v2\/categories?post=5292"},{"taxonomy":"post_tag","embeddable":true,"href":"http:\/\/entreriosbasquet.com\/site\/wp-json\/wp\/v2\/tags?post=5292"}],"curies":[{"name":"wp","href":"https:\/\/api.w.org\/{rel}","templated":true}]}}