{"id":5280,"date":"2018-07-03T00:29:36","date_gmt":"2018-07-03T03:29:36","guid":{"rendered":"http:\/\/entreriosbasquet.com\/site\/?p=5280"},"modified":"2018-07-03T00:29:36","modified_gmt":"2018-07-03T03:29:36","slug":"mundial-u17-lo-que-dejo-el-partido-vs-croacia","status":"publish","type":"post","link":"http:\/\/entreriosbasquet.com\/site\/2018\/07\/03\/mundial-u17-lo-que-dejo-el-partido-vs-croacia\/","title":{"rendered":"Mundial U17: Lo que dej\u00f3 el partido vs. Croacia"},"content":{"rendered":"<p><em><strong>Entre R\u00edos B\u00e1squet en el Mundial U17 &#8211; Rosario<\/strong><\/em><\/p>\n<p style=\"text-align: justify;\">Al t\u00e9rmino de la segunda presentaci\u00f3n del Seleccionado Argentino en el Campeonato del Mundo U17, el armador entrerriano Mateo D\u00edaz, goleador nacional con 16 puntos, habl\u00f3 con la prensa sobre el encuentro ante Croacia y lo que viene ante Filipinas en la \u00faltima fecha de la Primera Fase.<\/p>\n<p><iframe loading=\"lazy\" width=\"640\" height=\"360\" src=\"https:\/\/www.youtube.com\/embed\/23Bb4lskaC0?feature=oembed\" frameborder=\"0\" allow=\"autoplay; encrypted-media\" allowfullscreen><\/iframe><\/p>\n","protected":false},"excerpt":{"rendered":"<p>Entre R\u00edos B\u00e1squet en el Mundial U17 &#8211; Rosario Al t\u00e9rmino de la segunda presentaci\u00f3n del Seleccionado Argentino en el Campeonato del Mundo U17, el armador entrerriano Mateo D\u00edaz, goleador nacional con 16 puntos, habl\u00f3 con la prensa sobre el encuentro ante Croacia y lo que viene ante Filipinas en la \u00faltima fecha de la [&hellip;]<\/p>\n","protected":false},"author":1,"featured_media":5281,"comment_status":"closed","ping_status":"open","sticky":false,"template":"","format":"standard","meta":[],"categories":[260,379],"tags":[135,377],"_links":{"self":[{"href":"http:\/\/entreriosbasquet.com\/site\/wp-json\/wp\/v2\/posts\/5280"}],"collection":[{"href":"http:\/\/entreriosbasquet.com\/site\/wp-json\/wp\/v2\/posts"}],"about":[{"href":"http:\/\/entreriosbasquet.com\/site\/wp-json\/wp\/v2\/types\/post"}],"author":[{"embeddable":true,"href":"http:\/\/entreriosbasquet.com\/site\/wp-json\/wp\/v2\/users\/1"}],"replies":[{"embeddable":true,"href":"http:\/\/entreriosbasquet.com\/site\/wp-json\/wp\/v2\/comments?post=5280"}],"version-history":[{"count":2,"href":"http:\/\/entreriosbasquet.com\/site\/wp-json\/wp\/v2\/posts\/5280\/revisions"}],"predecessor-version":[{"id":5311,"href":"http:\/\/entreriosbasquet.com\/site\/wp-json\/wp\/v2\/posts\/5280\/revisions\/5311"}],"wp:featuredmedia":[{"embeddable":true,"href":"http:\/\/entreriosbasquet.com\/site\/wp-json\/wp\/v2\/media\/5281"}],"wp:attachment":[{"href":"http:\/\/entreriosbasquet.com\/site\/wp-json\/wp\/v2\/media?parent=5280"}],"wp:term":[{"taxonomy":"category","embeddable":true,"href":"http:\/\/entreriosbasquet.com\/site\/wp-json\/wp\/v2\/categories?post=5280"},{"taxonomy":"post_tag","embeddable":true,"href":"http:\/\/entreriosbasquet.com\/site\/wp-json\/wp\/v2\/tags?post=5280"}],"curies":[{"name":"wp","href":"https:\/\/api.w.org\/{rel}","templated":true}]}}