{"id":5194,"date":"2018-06-25T12:40:12","date_gmt":"2018-06-25T15:40:12","guid":{"rendered":"http:\/\/entreriosbasquet.com\/site\/?p=5194"},"modified":"2018-07-01T17:17:12","modified_gmt":"2018-07-01T20:17:12","slug":"juan-cruz-scacchi-nos-estamos-preparando-bien","status":"publish","type":"post","link":"http:\/\/entreriosbasquet.com\/site\/2018\/06\/25\/juan-cruz-scacchi-nos-estamos-preparando-bien\/","title":{"rendered":"Juan Cruz Scacchi: \u201cNos estamos preparando bien\u201d"},"content":{"rendered":"<p style=\"text-align: justify;\">El pr\u00f3ximo s\u00e1bado el Seleccionado Argentino debutar\u00e1 en el Campeonato del Mundo U17 frente a Francia en el estadio de Newell\u00b4s Old Boys en la ciudad de Rosario. Los chicos \u201calbicelestes\u201d contin\u00faan con la puesta a punto en el CeNARD bajo la conducci\u00f3n del entrenador entrerriano Diego Lifschitz.<\/p>\n<p style=\"text-align: justify;\">Otro de los representantes de nuestra provincia ser\u00e1 el alero <strong>Juan Cruz Scacchi<\/strong> (Ciclista de Paran\u00e1), quien ha sido parte del proceso de trabajo durante los \u00faltimos a\u00f1os y ahora tiene la chance de disputar la cita ecum\u00e9nica. El paranaense disput\u00f3 un buen Panamericano U16 en Formosa el a\u00f1o pasado para consolidarse como uno de los proyectos a seguir de cerca en el b\u00e1squet nacional.<\/p>\n<p style=\"text-align: justify;\">\u201cEstos d\u00edas son una mezcla de cosas porque quer\u00e9s qu\u00e9 llegue del debut y a la vez ten\u00e9s miedo y expectativa de lo que ser\u00e1 jugar un Mundial, pero nos estamos preparando bien\u201d, expres\u00f3 el paranaense en charla con Entre R\u00edos B\u00e1squet.<img decoding=\"async\" loading=\"lazy\" class=\" wp-image-5197 alignright\" src=\"http:\/\/entreriosbasquet.com\/site\/wp-content\/uploads\/2018\/06\/14.jpg\" alt=\"\" width=\"443\" height=\"442\" srcset=\"http:\/\/entreriosbasquet.com\/site\/wp-content\/uploads\/2018\/06\/14.jpg 1683w, http:\/\/entreriosbasquet.com\/site\/wp-content\/uploads\/2018\/06\/14-150x150.jpg 150w, http:\/\/entreriosbasquet.com\/site\/wp-content\/uploads\/2018\/06\/14-300x300.jpg 300w, http:\/\/entreriosbasquet.com\/site\/wp-content\/uploads\/2018\/06\/14-768x767.jpg 768w, http:\/\/entreriosbasquet.com\/site\/wp-content\/uploads\/2018\/06\/14-1024x1024.jpg 1024w, http:\/\/entreriosbasquet.com\/site\/wp-content\/uploads\/2018\/06\/14-696x695.jpg 696w, http:\/\/entreriosbasquet.com\/site\/wp-content\/uploads\/2018\/06\/14-1068x1067.jpg 1068w, http:\/\/entreriosbasquet.com\/site\/wp-content\/uploads\/2018\/06\/14-420x420.jpg 420w\" sizes=\"(max-width: 443px) 100vw, 443px\" \/><\/p>\n<p style=\"text-align: justify;\">Por otra parte, acerca de lo que significa jugar el Mundial en la Argentina, el ex Echag\u00fce asever\u00f3 que \u201cuno siempre dice que estos torneos sirven para viajar y conocer nuevos lugares; sin embargo, no hay nada m\u00e1s lindo que tener a tu gente ah\u00ed al lado gritando y cantando. Ser\u00e1 una gran alegr\u00eda\u201d.<\/p>\n<p style=\"text-align: justify;\">Respecto de la participaci\u00f3n del Seleccionado en el NBA Americas Team Camp en M\u00e9xico, Scacchi dijo: \u201cNos sirvi\u00f3 m\u00e1s o menos para tener un panorama para saber d\u00f3nde estamos parados en cuanto a nuestro juego y competir contra los equipos de Canad\u00e1, Brasil y el de la Academia de la NBA. El partido importante fue el de Canad\u00e1, que es un competidor fuerte que se nos escap\u00f3 la vez pasada que nos cruzamos\u201d.<\/p>\n<p style=\"text-align: justify;\">Por \u00faltimo, sobre las metas del equipo argentino en el Mundial, el joven alero indic\u00f3 que \u201cnunca hablamos de un objetivo concreto pero son los mismos que el a\u00f1o pasado; ir un partido a la vez, si caemos debemos levantarnos r\u00e1pido y si ganamos ser\u00e1 pasar la hoja. No hay tiempo de quedarse con una emoci\u00f3n mucho tiempo ni tristeza ni alegr\u00eda. Medirnos con dos potencias como Francia y Croacia nos va a servir para probar esa filosof\u00eda y poder dejar todo partido a partido\u201d.<\/p>\n","protected":false},"excerpt":{"rendered":"<p>El pr\u00f3ximo s\u00e1bado el Seleccionado Argentino debutar\u00e1 en el Campeonato del Mundo U17 frente a Francia en el estadio de Newell\u00b4s Old Boys en la ciudad de Rosario. Los chicos \u201calbicelestes\u201d contin\u00faan con la puesta a punto en el CeNARD bajo la conducci\u00f3n del entrenador entrerriano Diego Lifschitz. Otro de los representantes de nuestra provincia [&hellip;]<\/p>\n","protected":false},"author":1,"featured_media":5195,"comment_status":"closed","ping_status":"open","sticky":false,"template":"","format":"standard","meta":[],"categories":[260,379],"tags":[90,377],"_links":{"self":[{"href":"http:\/\/entreriosbasquet.com\/site\/wp-json\/wp\/v2\/posts\/5194"}],"collection":[{"href":"http:\/\/entreriosbasquet.com\/site\/wp-json\/wp\/v2\/posts"}],"about":[{"href":"http:\/\/entreriosbasquet.com\/site\/wp-json\/wp\/v2\/types\/post"}],"author":[{"embeddable":true,"href":"http:\/\/entreriosbasquet.com\/site\/wp-json\/wp\/v2\/users\/1"}],"replies":[{"embeddable":true,"href":"http:\/\/entreriosbasquet.com\/site\/wp-json\/wp\/v2\/comments?post=5194"}],"version-history":[{"count":3,"href":"http:\/\/entreriosbasquet.com\/site\/wp-json\/wp\/v2\/posts\/5194\/revisions"}],"predecessor-version":[{"id":5199,"href":"http:\/\/entreriosbasquet.com\/site\/wp-json\/wp\/v2\/posts\/5194\/revisions\/5199"}],"wp:featuredmedia":[{"embeddable":true,"href":"http:\/\/entreriosbasquet.com\/site\/wp-json\/wp\/v2\/media\/5195"}],"wp:attachment":[{"href":"http:\/\/entreriosbasquet.com\/site\/wp-json\/wp\/v2\/media?parent=5194"}],"wp:term":[{"taxonomy":"category","embeddable":true,"href":"http:\/\/entreriosbasquet.com\/site\/wp-json\/wp\/v2\/categories?post=5194"},{"taxonomy":"post_tag","embeddable":true,"href":"http:\/\/entreriosbasquet.com\/site\/wp-json\/wp\/v2\/tags?post=5194"}],"curies":[{"name":"wp","href":"https:\/\/api.w.org\/{rel}","templated":true}]}}