{"id":4335,"date":"2018-03-22T11:08:30","date_gmt":"2018-03-22T14:08:30","guid":{"rendered":"http:\/\/entreriosbasquet.com\/site\/?p=4335"},"modified":"2018-03-23T11:09:41","modified_gmt":"2018-03-23T14:09:41","slug":"martin-pascal-sera-recambio-temporal-por-deck","status":"publish","type":"post","link":"http:\/\/entreriosbasquet.com\/site\/2018\/03\/22\/martin-pascal-sera-recambio-temporal-por-deck\/","title":{"rendered":"Mart\u00edn Pascal ser\u00e1 recambio temporal por Deck"},"content":{"rendered":"<p style=\"text-align: justify;\">El escolta uruguayense Mart\u00edn Pascal, quien tuvo pasos en el club como jugador y entrenador de b\u00e1squet femenino, ocupar\u00e1 temporalmente la plaza del lesionado Joaqu\u00edn Deck en el plantel de Rocamora que compite en la Liga Argentina de B\u00e1squetbol. El jugador de 36 a\u00f1os y 1.86 metros de altura viene de jugar para el Presb\u00edtero Andr\u00e9s Zaninetti en la Liga Provincial con un promedio de 12.7 puntos.<\/p>\n<p style=\"text-align: justify;\">Pascal, quien adem\u00e1s de los colores de Zaninetti y Rocamora en nuestra ciudad visti\u00f3 los de Parque Sur, tuvo pasos por Facundo de La Rioja, BH de Gualeguay y Sarmiento de Villaguay. Consigui\u00f3 el ascenso al Torneo Federal con Central Entrerriano y jug\u00f3 con la Rojinegra ese certamen hasta que en la temporada 2016\/17 pas\u00f3 a Regatas Uruguay donde cerr\u00f3 con 7.3 puntos de promedio.<\/p>\n<p style=\"text-align: justify;\">El jugador ingres\u00f3 un par de minutos el mi\u00e9rcoles frente a Temperley y desde la dirigencia se inform\u00f3 que \u201cviene a dar una mano\u201d en este momento complicado del equipo y ante la baja de un jugador nacional como Deck. Pascal, asimismo, conoce a la mayor\u00eda de los jugadores de este plantel ya que en el inicio de la pretemporada estuvo trabajando con el equipo hasta que se march\u00f3 a Zaninetti.<\/p>\n","protected":false},"excerpt":{"rendered":"<p>El escolta uruguayense Mart\u00edn Pascal, quien tuvo pasos en el club como jugador y entrenador de b\u00e1squet femenino, ocupar\u00e1 temporalmente la plaza del lesionado Joaqu\u00edn Deck en el plantel de Rocamora que compite en la Liga Argentina de B\u00e1squetbol. El jugador de 36 a\u00f1os y 1.86 metros de altura viene de jugar para el Presb\u00edtero [&hellip;]<\/p>\n","protected":false},"author":5,"featured_media":4336,"comment_status":"closed","ping_status":"open","sticky":false,"template":"","format":"standard","meta":[],"categories":[11],"tags":[],"_links":{"self":[{"href":"http:\/\/entreriosbasquet.com\/site\/wp-json\/wp\/v2\/posts\/4335"}],"collection":[{"href":"http:\/\/entreriosbasquet.com\/site\/wp-json\/wp\/v2\/posts"}],"about":[{"href":"http:\/\/entreriosbasquet.com\/site\/wp-json\/wp\/v2\/types\/post"}],"author":[{"embeddable":true,"href":"http:\/\/entreriosbasquet.com\/site\/wp-json\/wp\/v2\/users\/5"}],"replies":[{"embeddable":true,"href":"http:\/\/entreriosbasquet.com\/site\/wp-json\/wp\/v2\/comments?post=4335"}],"version-history":[{"count":1,"href":"http:\/\/entreriosbasquet.com\/site\/wp-json\/wp\/v2\/posts\/4335\/revisions"}],"predecessor-version":[{"id":4337,"href":"http:\/\/entreriosbasquet.com\/site\/wp-json\/wp\/v2\/posts\/4335\/revisions\/4337"}],"wp:featuredmedia":[{"embeddable":true,"href":"http:\/\/entreriosbasquet.com\/site\/wp-json\/wp\/v2\/media\/4336"}],"wp:attachment":[{"href":"http:\/\/entreriosbasquet.com\/site\/wp-json\/wp\/v2\/media?parent=4335"}],"wp:term":[{"taxonomy":"category","embeddable":true,"href":"http:\/\/entreriosbasquet.com\/site\/wp-json\/wp\/v2\/categories?post=4335"},{"taxonomy":"post_tag","embeddable":true,"href":"http:\/\/entreriosbasquet.com\/site\/wp-json\/wp\/v2\/tags?post=4335"}],"curies":[{"name":"wp","href":"https:\/\/api.w.org\/{rel}","templated":true}]}}