{"id":374,"date":"2017-05-02T12:05:34","date_gmt":"2017-05-02T15:05:34","guid":{"rendered":"http:\/\/entreriosbasquet.com\/site\/?p=374"},"modified":"2017-05-02T12:05:34","modified_gmt":"2017-05-02T15:05:34","slug":"paso-una-nueva-concentracion-de-la-preseleccion-u15","status":"publish","type":"post","link":"http:\/\/entreriosbasquet.com\/site\/2017\/05\/02\/paso-una-nueva-concentracion-de-la-preseleccion-u15\/","title":{"rendered":"Pas\u00f3 una nueva concentraci\u00f3n de la Preselecci\u00f3n U15"},"content":{"rendered":"<p>El Selectivo de Entre R\u00edos de la categor\u00eda U15 concentr\u00f3 desde el viernes en la ciudad de Chajar\u00ed con miras a lo que ser\u00e1 la participaci\u00f3n en el Campeonato Argentino, a disputarse del 15 al 22 de junio en la ciudad de Jun\u00edn, Provincia de Buenos Aires. El Prof. Nicol\u00e1s Giorello trabaj\u00f3 con 19 jugadores (falt\u00f3 Pedro Frei por compromisos familiares).<\/p>\n<p>Los entrenamientos de la preselecci\u00f3n estuvieron divididos en seis bloques; los tres primeros bloques se basaron en la construcci\u00f3n de la defensa y los restantes es cuestiones de sistem\u00e1tica ofensiva. \u201cEs un plantel muy parejo, con buena talla e interesantes fundamentos\u201d, expres\u00f3 el DT Giorello.<\/p>\n<p>La pr\u00f3xima concentraci\u00f3n se realizar\u00e1 los d\u00edas 24 y 25 de mayo, en la cual ya se definir\u00e1n los 12 jugadores que representar\u00e1n a Entre R\u00edos en la cita nacional.<\/p>\n<p><strong>LOS PRESENTES EN CHAJARI<\/strong><\/p>\n<p><img decoding=\"async\" loading=\"lazy\" class=\"alignnone  wp-image-376\" src=\"http:\/\/entreriosbasquet.com\/site\/wp-content\/uploads\/2017\/05\/presentes-nomina-u15-presel-2017-263x300.jpg\" alt=\"\" width=\"384\" height=\"438\" srcset=\"http:\/\/entreriosbasquet.com\/site\/wp-content\/uploads\/2017\/05\/presentes-nomina-u15-presel-2017-263x300.jpg 263w, http:\/\/entreriosbasquet.com\/site\/wp-content\/uploads\/2017\/05\/presentes-nomina-u15-presel-2017-368x420.jpg 368w, http:\/\/entreriosbasquet.com\/site\/wp-content\/uploads\/2017\/05\/presentes-nomina-u15-presel-2017.jpg 372w\" sizes=\"(max-width: 384px) 100vw, 384px\" \/><\/p>\n<p>&nbsp;<\/p>\n","protected":false},"excerpt":{"rendered":"<p>El Selectivo de Entre R\u00edos de la categor\u00eda U15 concentr\u00f3 desde el viernes en la ciudad de Chajar\u00ed con miras a lo que ser\u00e1 la participaci\u00f3n en el Campeonato Argentino, a disputarse del 15 al 22 de junio en la ciudad de Jun\u00edn, Provincia de Buenos Aires. El Prof. Nicol\u00e1s Giorello trabaj\u00f3 con 19 jugadores [&hellip;]<\/p>\n","protected":false},"author":5,"featured_media":375,"comment_status":"open","ping_status":"open","sticky":false,"template":"","format":"standard","meta":[],"categories":[19],"tags":[],"_links":{"self":[{"href":"http:\/\/entreriosbasquet.com\/site\/wp-json\/wp\/v2\/posts\/374"}],"collection":[{"href":"http:\/\/entreriosbasquet.com\/site\/wp-json\/wp\/v2\/posts"}],"about":[{"href":"http:\/\/entreriosbasquet.com\/site\/wp-json\/wp\/v2\/types\/post"}],"author":[{"embeddable":true,"href":"http:\/\/entreriosbasquet.com\/site\/wp-json\/wp\/v2\/users\/5"}],"replies":[{"embeddable":true,"href":"http:\/\/entreriosbasquet.com\/site\/wp-json\/wp\/v2\/comments?post=374"}],"version-history":[{"count":1,"href":"http:\/\/entreriosbasquet.com\/site\/wp-json\/wp\/v2\/posts\/374\/revisions"}],"predecessor-version":[{"id":377,"href":"http:\/\/entreriosbasquet.com\/site\/wp-json\/wp\/v2\/posts\/374\/revisions\/377"}],"wp:featuredmedia":[{"embeddable":true,"href":"http:\/\/entreriosbasquet.com\/site\/wp-json\/wp\/v2\/media\/375"}],"wp:attachment":[{"href":"http:\/\/entreriosbasquet.com\/site\/wp-json\/wp\/v2\/media?parent=374"}],"wp:term":[{"taxonomy":"category","embeddable":true,"href":"http:\/\/entreriosbasquet.com\/site\/wp-json\/wp\/v2\/categories?post=374"},{"taxonomy":"post_tag","embeddable":true,"href":"http:\/\/entreriosbasquet.com\/site\/wp-json\/wp\/v2\/tags?post=374"}],"curies":[{"name":"wp","href":"https:\/\/api.w.org\/{rel}","templated":true}]}}