{"id":18331,"date":"2026-01-25T07:08:12","date_gmt":"2026-01-25T10:08:12","guid":{"rendered":"https:\/\/entreriosbasquet.com\/site\/?p=18331"},"modified":"2026-04-08T11:03:25","modified_gmt":"2026-04-08T14:03:25","slug":"la-union-sufrio-una-ajustadisima-derrota-ante-el-talar","status":"publish","type":"post","link":"http:\/\/entreriosbasquet.com\/site\/2026\/01\/25\/la-union-sufrio-una-ajustadisima-derrota-ante-el-talar\/","title":{"rendered":"La Uni\u00f3n sufri\u00f3 una ajustad\u00edsima derrota ante El Talar"},"content":{"rendered":"<p>Este s\u00e1bado por la noche, La Uni\u00f3n de Col\u00f3n tuvo una nueva presentaci\u00f3n en el marco de la Liga Argentina de B\u00e1squet. En el estadio Roberto Contini visit\u00f3 a El Talar por la Conferencia Sur del certamen. Los \u00e1rbitros del juego fueron Jos\u00e9 Lugli y Romina Morales Ibarra.<\/p>\n<p>Pese a que en el primer cuarto fue El Talar el que termin\u00f3 en ventaja (25-22), La Uni\u00f3n consigui\u00f3 dominar buena parte del encuentro. En el segundo tramo lleg\u00f3 a sacar 13 puntos de diferencia (45-32), pero acab\u00f3 y\u00e9ndose al descanso con ventaja de siete tantos: 50-43.<\/p>\n<p>Durante la segunda mitad del encuentro, el equipo colonense consigui\u00f3 mantener la diferencia y se retir\u00f3 al \u00faltimo descanso en ventaja por seis (69-63), pero no resisti\u00f3. El tramo final fue completamente favorable al due\u00f1o de casa, que se impuso por un parcial de 19-12 que le dio el triunfo por 82-81.<\/p>\n<p>Esta victoria de El Talar fue posible gracias a una so\u00f1ada noche de Mat\u00edas Cueva, que anot\u00f3 30 puntos. Lo secund\u00f3 muy bien Pablo Aaron, que anot\u00f3 17 tantos y adem\u00e1s tom\u00f3 10 rebotes en una buena actuaci\u00f3n en ambos rubros. En La Uni\u00f3n destacaron Rodrigo Acu\u00f1a y Mat\u00edas Caire, que aportaron respectivamente 23 y 19 tantos.<\/p>\n<p>La derrota dej\u00f3 a La Uni\u00f3n en la s\u00e9ptima posici\u00f3n con r\u00e9cord 10-6; mientras que su rival de la noche del s\u00e1bado ahora acumula ocho victorias y nueve derrotas. En su pr\u00f3xima presentaci\u00f3n, el conjunto de Mart\u00edn Guastavino visitar\u00e1 a Racing de Avellaneda, el pr\u00f3ximo martes desde las 20.30.<\/p>\n","protected":false},"excerpt":{"rendered":"<p>Este s\u00e1bado por la noche, La Uni\u00f3n de Col\u00f3n tuvo una nueva presentaci\u00f3n en el marco de la Liga Argentina de B\u00e1squet. En el estadio Roberto Contini visit\u00f3 a El Talar por la Conferencia Sur del certamen. Los \u00e1rbitros del juego fueron Jos\u00e9 Lugli y Romina Morales Ibarra. Pese a que en el primer cuarto [&hellip;]<\/p>\n","protected":false},"author":1,"featured_media":18332,"comment_status":"closed","ping_status":"open","sticky":false,"template":"","format":"standard","meta":[],"categories":[11],"tags":[],"_links":{"self":[{"href":"http:\/\/entreriosbasquet.com\/site\/wp-json\/wp\/v2\/posts\/18331"}],"collection":[{"href":"http:\/\/entreriosbasquet.com\/site\/wp-json\/wp\/v2\/posts"}],"about":[{"href":"http:\/\/entreriosbasquet.com\/site\/wp-json\/wp\/v2\/types\/post"}],"author":[{"embeddable":true,"href":"http:\/\/entreriosbasquet.com\/site\/wp-json\/wp\/v2\/users\/1"}],"replies":[{"embeddable":true,"href":"http:\/\/entreriosbasquet.com\/site\/wp-json\/wp\/v2\/comments?post=18331"}],"version-history":[{"count":1,"href":"http:\/\/entreriosbasquet.com\/site\/wp-json\/wp\/v2\/posts\/18331\/revisions"}],"predecessor-version":[{"id":18333,"href":"http:\/\/entreriosbasquet.com\/site\/wp-json\/wp\/v2\/posts\/18331\/revisions\/18333"}],"wp:featuredmedia":[{"embeddable":true,"href":"http:\/\/entreriosbasquet.com\/site\/wp-json\/wp\/v2\/media\/18332"}],"wp:attachment":[{"href":"http:\/\/entreriosbasquet.com\/site\/wp-json\/wp\/v2\/media?parent=18331"}],"wp:term":[{"taxonomy":"category","embeddable":true,"href":"http:\/\/entreriosbasquet.com\/site\/wp-json\/wp\/v2\/categories?post=18331"},{"taxonomy":"post_tag","embeddable":true,"href":"http:\/\/entreriosbasquet.com\/site\/wp-json\/wp\/v2\/tags?post=18331"}],"curies":[{"name":"wp","href":"https:\/\/api.w.org\/{rel}","templated":true}]}}