{"id":17936,"date":"2025-07-27T10:11:17","date_gmt":"2025-07-27T13:11:17","guid":{"rendered":"https:\/\/entreriosbasquet.com\/site\/?p=17936"},"modified":"2025-07-31T10:12:50","modified_gmt":"2025-07-31T13:12:50","slug":"se-presento-la-liga-provincial-masculina-en-villaguay","status":"publish","type":"post","link":"http:\/\/entreriosbasquet.com\/site\/2025\/07\/27\/se-presento-la-liga-provincial-masculina-en-villaguay\/","title":{"rendered":"Se present\u00f3 la Liga Provincial Masculina en Villaguay"},"content":{"rendered":"<p style=\"text-align: justify;\">En la jornada del s\u00e1bado se llev\u00f3 adelante el lanzamiento oficial de la Liga Provincial Masculina de Mayores 2025 en la localidad de Villaguay, en un evento organizado por la Federaci\u00f3n de B\u00e1squetbol de Entre R\u00edos (FBER) que reuni\u00f3 a jugadores, entrenadores y dirigentes de los 32 equipos que formar\u00e1n parte del certamen.<\/p>\n<p style=\"text-align: justify;\">La actividad tuvo lugar en el Centro de Convenciones Papa Francisco, con una marcada impronta federal, institucional y comunicacional.<\/p>\n<p style=\"text-align: justify;\">El ya tradicional Media Day fue uno de los ejes centrales de la jornada: los equipos participaron de sesiones fotogr\u00e1ficas individuales, grupales y por cl\u00e1sicos, con una est\u00e9tica cuidada que apunt\u00f3 a fortalecer la imagen del torneo y profesionalizar su difusi\u00f3n. La iniciativa busca seguir posicionando a la Liga como un producto identificatorio de la FBER, que en la \u00faltima d\u00e9cada se ha transformado en uno de los cert\u00e1menes federativos m\u00e1s importantes del pa\u00eds.<\/p>\n<p style=\"text-align: justify;\">Adem\u00e1s, la jornada incluy\u00f3 una transmisi\u00f3n v\u00eda streaming con entrevistas, segmentos especiales y contenido interactivo, pensado para acercar a\u00fan m\u00e1s la Liga a sus protagonistas y al p\u00fablico.<\/p>\n<p style=\"text-align: justify;\">Durante el lanzamiento estuvieron presentes el presidente de la FBER, Julio Gim\u00e9nez; el tesorero de la entidad, Gustavo Ortiz, y el presidente de la Comisi\u00f3n T\u00e9cnica, Diego Cherot, entre otras autoridades federativas y asociativas. Gim\u00e9nez indic\u00f3 que \u201cestamos muy contentos de poder realizar el lanzamiento de nuestra Liga Provincial, que indudablemente es un producto valorable y muy importante para la Federaci\u00f3n\u201d.<\/p>\n<p style=\"text-align: justify;\">\u201cF\u00edjense que la relevancia que tiene que a\u00f1o tras a\u00f1o se repiten los jugadores en los planteles; se van a otras instituciones durante unos meses, pero cuando tienen que volver, los dirigentes los llaman y vuelven a nuestra Liga\u201d, agreg\u00f3 Gim\u00e9nez, que hizo saber \u201cla notable expectativa en la competencia r\u00e9cord de 32 clubes\u201d.<\/p>\n<p style=\"text-align: justify;\">El torneo comenzar\u00e1 el pr\u00f3ximo viernes con los encuentros correspondientes a las Conferencias 1 y 2, mientras que las Conferencias 3 y 4 jugar\u00e1n el d\u00eda domingo.<\/p>\n<p style=\"text-align: justify;\"><strong>PRIMERA FASE<\/strong><\/p>\n<p style=\"text-align: justify;\">Conferencia 1: Sportivo SS, Ferro SS, Parque, Sarmiento, Echag\u00fce, Sionista, Olimpia, Ciclista.<\/p>\n<p style=\"text-align: justify;\">Conferencia 2: Independiente, Urquiza, Progreso, Quique, Estudiantes, Talleres, Recreativo y Paracao.<\/p>\n<p style=\"text-align: justify;\">Conferencia 3: V\u00e9lez, Santa Rosa, Ferro Cdia, Estudiantes Cdia, Capuchinos, Social Federaci\u00f3n, La Armon\u00eda, San Jos\u00e9.<\/p>\n<p style=\"text-align: justify;\">Conferencia 4: Pe\u00f1arol, Atl\u00e9tico Tala, Zaninetti, Regatas, Luis Luciano, BH, Bancario, Juventud Unida.<\/p>\n","protected":false},"excerpt":{"rendered":"<p>En la jornada del s\u00e1bado se llev\u00f3 adelante el lanzamiento oficial de la Liga Provincial Masculina de Mayores 2025 en la localidad de Villaguay, en un evento organizado por la Federaci\u00f3n de B\u00e1squetbol de Entre R\u00edos (FBER) que reuni\u00f3 a jugadores, entrenadores y dirigentes de los 32 equipos que formar\u00e1n parte del certamen. La actividad [&hellip;]<\/p>\n","protected":false},"author":1,"featured_media":17937,"comment_status":"closed","ping_status":"open","sticky":false,"template":"","format":"standard","meta":[],"categories":[17],"tags":[],"_links":{"self":[{"href":"http:\/\/entreriosbasquet.com\/site\/wp-json\/wp\/v2\/posts\/17936"}],"collection":[{"href":"http:\/\/entreriosbasquet.com\/site\/wp-json\/wp\/v2\/posts"}],"about":[{"href":"http:\/\/entreriosbasquet.com\/site\/wp-json\/wp\/v2\/types\/post"}],"author":[{"embeddable":true,"href":"http:\/\/entreriosbasquet.com\/site\/wp-json\/wp\/v2\/users\/1"}],"replies":[{"embeddable":true,"href":"http:\/\/entreriosbasquet.com\/site\/wp-json\/wp\/v2\/comments?post=17936"}],"version-history":[{"count":1,"href":"http:\/\/entreriosbasquet.com\/site\/wp-json\/wp\/v2\/posts\/17936\/revisions"}],"predecessor-version":[{"id":17938,"href":"http:\/\/entreriosbasquet.com\/site\/wp-json\/wp\/v2\/posts\/17936\/revisions\/17938"}],"wp:featuredmedia":[{"embeddable":true,"href":"http:\/\/entreriosbasquet.com\/site\/wp-json\/wp\/v2\/media\/17937"}],"wp:attachment":[{"href":"http:\/\/entreriosbasquet.com\/site\/wp-json\/wp\/v2\/media?parent=17936"}],"wp:term":[{"taxonomy":"category","embeddable":true,"href":"http:\/\/entreriosbasquet.com\/site\/wp-json\/wp\/v2\/categories?post=17936"},{"taxonomy":"post_tag","embeddable":true,"href":"http:\/\/entreriosbasquet.com\/site\/wp-json\/wp\/v2\/tags?post=17936"}],"curies":[{"name":"wp","href":"https:\/\/api.w.org\/{rel}","templated":true}]}}