{"id":17930,"date":"2025-07-23T15:22:44","date_gmt":"2025-07-23T18:22:44","guid":{"rendered":"https:\/\/entreriosbasquet.com\/site\/?p=17930"},"modified":"2025-07-23T15:22:44","modified_gmt":"2025-07-23T18:22:44","slug":"se-disputa-en-campeonato-entrerriano-masculino-u21","status":"publish","type":"post","link":"http:\/\/entreriosbasquet.com\/site\/2025\/07\/23\/se-disputa-en-campeonato-entrerriano-masculino-u21\/","title":{"rendered":"Se disputa en Campeonato Entrerriano Masculino U21"},"content":{"rendered":"<p style=\"text-align: justify;\">El comienzo del calendario de los Entrerrianos de Selecciones ser\u00e1 el pr\u00f3ximo fin de semana con la disputa del Campeonato Entrerriano Masculino U21 en Concepci\u00f3n del Uruguay, organizado por Asociaci\u00f3n Regional de B\u00e1squet Pancho Ram\u00edrez.<\/p>\n<p style=\"text-align: justify;\">En el encuentro de Repechaje disputado anoche en el estadio \u201cIslas Malvinas\u201d de Gualeguay, el selectivo de la Asoc. Departamental de Gualeguaych\u00fa logr\u00f3 el \u00faltimo boleto, al derrotar 72 a 55 a su par de Col\u00f3n y complet\u00f3 el cuadro de participantes.<\/p>\n<p style=\"text-align: justify;\">El escenario del Entrerriano ser\u00e1 el gimnasio del Club Parque Sur, que recibir\u00e1 a los representativos de Pancho Ram\u00edrez, Concordia, Paran\u00e1 (APB) y Gualeguaych\u00fa. Jugar\u00e1n todos contra todos en dos jornadas para definir al campe\u00f3n.<\/p>\n<p style=\"text-align: justify;\">Los partidos de la jornada del domingo se transmitir\u00e1n v\u00eda streaming a trav\u00e9s de la plataforma de videos de la Federaci\u00f3n de B\u00e1squet\u00a0<strong>www.basquetentrerios.tv<\/strong><\/p>\n<p class=\"has-vivid-red-color has-text-color has-link-color wp-elements-c8b8c85275b001f089b340bd2d1069ad\" style=\"text-align: justify;\"><strong>CALENDARIO DE PARTIDOS<\/strong><\/p>\n<p><strong>SABADO 26 DE JULIO<\/strong><\/p>\n<p><strong>CANCHA: CLUB PARQUE SUR<\/strong><\/p>\n<p>18:00 HS: PARAN\u00c1 vs CONCORDIA<\/p>\n<p>20:00 HS C.DEL. URUGUAY VS GUALEGUAYCH\u00da<\/p>\n<p><strong>DOMINGO 27 DE JULIO 2025<\/strong><\/p>\n<p>10:00 HS: GANADOR DE 1 vs PERDEDOR DE 2<\/p>\n<p>12:00 HS: GANADOR DE 2 vs PERDEDOR DE 1<\/p>\n<p>17:00 HS PERDEDOR DE 1 vs PERDEDOR DE 2<\/p>\n<p>19:00 HS: GANADOR DE 1 vs GANADOR DE 2<\/p>\n","protected":false},"excerpt":{"rendered":"<p>El comienzo del calendario de los Entrerrianos de Selecciones ser\u00e1 el pr\u00f3ximo fin de semana con la disputa del Campeonato Entrerriano Masculino U21 en Concepci\u00f3n del Uruguay, organizado por Asociaci\u00f3n Regional de B\u00e1squet Pancho Ram\u00edrez. En el encuentro de Repechaje disputado anoche en el estadio \u201cIslas Malvinas\u201d de Gualeguay, el selectivo de la Asoc. Departamental [&hellip;]<\/p>\n","protected":false},"author":1,"featured_media":17931,"comment_status":"closed","ping_status":"open","sticky":false,"template":"","format":"standard","meta":[],"categories":[19],"tags":[],"_links":{"self":[{"href":"http:\/\/entreriosbasquet.com\/site\/wp-json\/wp\/v2\/posts\/17930"}],"collection":[{"href":"http:\/\/entreriosbasquet.com\/site\/wp-json\/wp\/v2\/posts"}],"about":[{"href":"http:\/\/entreriosbasquet.com\/site\/wp-json\/wp\/v2\/types\/post"}],"author":[{"embeddable":true,"href":"http:\/\/entreriosbasquet.com\/site\/wp-json\/wp\/v2\/users\/1"}],"replies":[{"embeddable":true,"href":"http:\/\/entreriosbasquet.com\/site\/wp-json\/wp\/v2\/comments?post=17930"}],"version-history":[{"count":1,"href":"http:\/\/entreriosbasquet.com\/site\/wp-json\/wp\/v2\/posts\/17930\/revisions"}],"predecessor-version":[{"id":17932,"href":"http:\/\/entreriosbasquet.com\/site\/wp-json\/wp\/v2\/posts\/17930\/revisions\/17932"}],"wp:featuredmedia":[{"embeddable":true,"href":"http:\/\/entreriosbasquet.com\/site\/wp-json\/wp\/v2\/media\/17931"}],"wp:attachment":[{"href":"http:\/\/entreriosbasquet.com\/site\/wp-json\/wp\/v2\/media?parent=17930"}],"wp:term":[{"taxonomy":"category","embeddable":true,"href":"http:\/\/entreriosbasquet.com\/site\/wp-json\/wp\/v2\/categories?post=17930"},{"taxonomy":"post_tag","embeddable":true,"href":"http:\/\/entreriosbasquet.com\/site\/wp-json\/wp\/v2\/tags?post=17930"}],"curies":[{"name":"wp","href":"https:\/\/api.w.org\/{rel}","templated":true}]}}