{"id":1765,"date":"2017-08-09T04:20:02","date_gmt":"2017-08-09T07:20:02","guid":{"rendered":"http:\/\/entreriosbasquet.com\/site\/?p=1765"},"modified":"2017-08-14T08:43:18","modified_gmt":"2017-08-14T11:43:18","slug":"giorgio-torrilla-y-marin-a-la-preseleccion-nacional-u14","status":"publish","type":"post","link":"http:\/\/entreriosbasquet.com\/site\/2017\/08\/09\/giorgio-torrilla-y-marin-a-la-preseleccion-nacional-u14\/","title":{"rendered":"Giorgio, Torrilla y Mar\u00edn, a la Preselecci\u00f3n Nacional U14"},"content":{"rendered":"<p style=\"text-align: justify;\">Las jugadoras <strong>Melanie Torrilla<\/strong> (Zaninetti de Concepci\u00f3n del Uruguay), <strong>Agustina Mar\u00edn<\/strong> (Juventud Unida de Gualeguaych\u00fa) y <strong>Anna Giorgio<\/strong> (Talleres de Paran\u00e1) fueron convocadas para la concentraci\u00f3n de la Preselecci\u00f3n Argentina que se llevar\u00e1 adelante del 15 al 20 de agosto.<\/p>\n<p style=\"text-align: justify;\">La reuni\u00f3n ser\u00e1 en el Centro Nacional de Alto Rendimiento Deportivo en Buenos Aires, con la participaci\u00f3n de 23 jugadores de distintas partes del pa\u00eds para ser observadas por la entrenadora Laura Cors.<\/p>\n","protected":false},"excerpt":{"rendered":"<p>Las jugadoras Melanie Torrilla (Zaninetti de Concepci\u00f3n del Uruguay), Agustina Mar\u00edn (Juventud Unida de Gualeguaych\u00fa) y Anna Giorgio (Talleres de Paran\u00e1) fueron convocadas para la concentraci\u00f3n de la Preselecci\u00f3n Argentina que se llevar\u00e1 adelante del 15 al 20 de agosto. La reuni\u00f3n ser\u00e1 en el Centro Nacional de Alto Rendimiento Deportivo en Buenos Aires, con [&hellip;]<\/p>\n","protected":false},"author":5,"featured_media":1766,"comment_status":"closed","ping_status":"open","sticky":false,"template":"","format":"standard","meta":[],"categories":[21],"tags":[],"_links":{"self":[{"href":"http:\/\/entreriosbasquet.com\/site\/wp-json\/wp\/v2\/posts\/1765"}],"collection":[{"href":"http:\/\/entreriosbasquet.com\/site\/wp-json\/wp\/v2\/posts"}],"about":[{"href":"http:\/\/entreriosbasquet.com\/site\/wp-json\/wp\/v2\/types\/post"}],"author":[{"embeddable":true,"href":"http:\/\/entreriosbasquet.com\/site\/wp-json\/wp\/v2\/users\/5"}],"replies":[{"embeddable":true,"href":"http:\/\/entreriosbasquet.com\/site\/wp-json\/wp\/v2\/comments?post=1765"}],"version-history":[{"count":1,"href":"http:\/\/entreriosbasquet.com\/site\/wp-json\/wp\/v2\/posts\/1765\/revisions"}],"predecessor-version":[{"id":1767,"href":"http:\/\/entreriosbasquet.com\/site\/wp-json\/wp\/v2\/posts\/1765\/revisions\/1767"}],"wp:featuredmedia":[{"embeddable":true,"href":"http:\/\/entreriosbasquet.com\/site\/wp-json\/wp\/v2\/media\/1766"}],"wp:attachment":[{"href":"http:\/\/entreriosbasquet.com\/site\/wp-json\/wp\/v2\/media?parent=1765"}],"wp:term":[{"taxonomy":"category","embeddable":true,"href":"http:\/\/entreriosbasquet.com\/site\/wp-json\/wp\/v2\/categories?post=1765"},{"taxonomy":"post_tag","embeddable":true,"href":"http:\/\/entreriosbasquet.com\/site\/wp-json\/wp\/v2\/tags?post=1765"}],"curies":[{"name":"wp","href":"https:\/\/api.w.org\/{rel}","templated":true}]}}