{"id":1731,"date":"2017-08-09T07:22:44","date_gmt":"2017-08-09T10:22:44","guid":{"rendered":"http:\/\/entreriosbasquet.com\/site\/?p=1731"},"modified":"2017-08-14T08:37:16","modified_gmt":"2017-08-14T11:37:16","slug":"erik-thomas-una-vez-en-tu-vida-te-pasan-estas-cosas","status":"publish","type":"post","link":"http:\/\/entreriosbasquet.com\/site\/2017\/08\/09\/erik-thomas-una-vez-en-tu-vida-te-pasan-estas-cosas\/","title":{"rendered":"Erik Thomas: \u201cUna vez en tu vida te pasan estas cosas\u201d"},"content":{"rendered":"<p style=\"text-align: justify;\">La Preselecci\u00f3n Argentina contin\u00faa entrenando de cara a la AmeriCup en el Centro Nacional de Alto Rendimiento de Buenos Aires. El alero entrerriano, Erik Thomas, habl\u00f3 con los colegas de UCU Radio e hizo un an\u00e1lisis de su primera semana con la camiseta \u201cceleste y blanca\u201d.<\/p>\n<p style=\"text-align: justify;\">\u201cEstoy disfrutando desde que llegue de la experiencia, una vez en tu vida te pasan estas cosas. Estoy orgulloso de estar ac\u00e1, mi objetivo es tratar de competir todos los d\u00edas, de aprender de los entrenadores\u201d, dijo el alero que actualmente no tiene club, pero que acaba de finalizar sus estudios en la Universidad de New Orleans, Estados Unidos.<\/p>\n<p style=\"text-align: justify;\">Por otra parte, acerca de las charlas con su familia, especialmente con su padre James y su hermana Stephany, el nacido en Paran\u00e1 asever\u00f3 que \u201cme dicen que juegue duro y que me divierta, es una experiencia que no todos tienen y que yo est\u00e9 ac\u00e1 los hace sentir muy orgullosos\u201d.<\/p>\n<p style=\"text-align: justify;\">Respecto de su futuro profesional Thomas expres\u00f3 que \u201cestuve entrenando en Seattle y ahora estoy hablando con mi agente para ver donde vamos a jugar si en Europa o en Argentina, pero todav\u00eda no hay nada concreto\u201d.<\/p>\n<p style=\"text-align: justify;\">Ayer el plantel completo particip\u00f3 de un evento en el Alto Palermo donde se present\u00f3 la nueva camiseta de juego de Jordan Brand (Nike) para la AmeriCup. Por otra parte, el jueves a las 18, se llevar\u00e1 a cabo el D\u00eda del Hincha en el CeNARD, con un partido interno abierto para el p\u00fablico, sponsors y prensa.<\/p>\n<p style=\"text-align: justify;\">Y al d\u00eda siguiente, el viernes 11, el plantel viajar\u00e1 a Montevideo para afrontar los dos primeros amistosos del proceso ante Uruguay, a jugarse s\u00e1bado y domingo.<\/p>\n","protected":false},"excerpt":{"rendered":"<p>La Preselecci\u00f3n Argentina contin\u00faa entrenando de cara a la AmeriCup en el Centro Nacional de Alto Rendimiento de Buenos Aires. El alero entrerriano, Erik Thomas, habl\u00f3 con los colegas de UCU Radio e hizo un an\u00e1lisis de su primera semana con la camiseta \u201cceleste y blanca\u201d. \u201cEstoy disfrutando desde que llegue de la experiencia, una [&hellip;]<\/p>\n","protected":false},"author":5,"featured_media":1732,"comment_status":"closed","ping_status":"open","sticky":false,"template":"","format":"standard","meta":[],"categories":[20],"tags":[],"_links":{"self":[{"href":"http:\/\/entreriosbasquet.com\/site\/wp-json\/wp\/v2\/posts\/1731"}],"collection":[{"href":"http:\/\/entreriosbasquet.com\/site\/wp-json\/wp\/v2\/posts"}],"about":[{"href":"http:\/\/entreriosbasquet.com\/site\/wp-json\/wp\/v2\/types\/post"}],"author":[{"embeddable":true,"href":"http:\/\/entreriosbasquet.com\/site\/wp-json\/wp\/v2\/users\/5"}],"replies":[{"embeddable":true,"href":"http:\/\/entreriosbasquet.com\/site\/wp-json\/wp\/v2\/comments?post=1731"}],"version-history":[{"count":1,"href":"http:\/\/entreriosbasquet.com\/site\/wp-json\/wp\/v2\/posts\/1731\/revisions"}],"predecessor-version":[{"id":1733,"href":"http:\/\/entreriosbasquet.com\/site\/wp-json\/wp\/v2\/posts\/1731\/revisions\/1733"}],"wp:featuredmedia":[{"embeddable":true,"href":"http:\/\/entreriosbasquet.com\/site\/wp-json\/wp\/v2\/media\/1732"}],"wp:attachment":[{"href":"http:\/\/entreriosbasquet.com\/site\/wp-json\/wp\/v2\/media?parent=1731"}],"wp:term":[{"taxonomy":"category","embeddable":true,"href":"http:\/\/entreriosbasquet.com\/site\/wp-json\/wp\/v2\/categories?post=1731"},{"taxonomy":"post_tag","embeddable":true,"href":"http:\/\/entreriosbasquet.com\/site\/wp-json\/wp\/v2\/tags?post=1731"}],"curies":[{"name":"wp","href":"https:\/\/api.w.org\/{rel}","templated":true}]}}