{"id":16728,"date":"2024-05-03T16:24:15","date_gmt":"2024-05-03T19:24:15","guid":{"rendered":"https:\/\/entreriosbasquet.com\/site\/?p=16728"},"modified":"2024-05-03T16:24:15","modified_gmt":"2024-05-03T19:24:15","slug":"joaquin-folmer-quiere-su-lugar-en-la-americup-u18","status":"publish","type":"post","link":"http:\/\/entreriosbasquet.com\/site\/2024\/05\/03\/joaquin-folmer-quiere-su-lugar-en-la-americup-u18\/","title":{"rendered":"Joaqu\u00edn Folmer quiere su lugar en la AmeriCup U18"},"content":{"rendered":"<article id=\"post-9384\" class=\"post-9384 post type-post status-publish format-standard has-post-thumbnail hentry category-destacadas category-entrerriano-en-la-seleccion\">\n<div class=\"entry-content\">\n<p style=\"text-align: justify;\">Cuenta regresiva para uno de los cert\u00e1menes m\u00e1s esperados del a\u00f1o en el calendario formativo internacional. Del 3 al 9 de junio, Buenos Aires ser\u00e1 sede de la AmeriCup U18 masculina, el certamen continental que otorga cuatro plazas para el Mundial U19 del a\u00f1o pr\u00f3ximo. Con la mira puesta en este compromiso, en las \u00faltimas horas se dieron a conocer detalles de la \u00faltima concentraci\u00f3n de la camada de cara al comienzo de la competencia. En el plantel se encuentra el entrerriano Joaqu\u00edn Folmer Gassmann (Crespo).<\/p>\n<p style=\"text-align: justify;\">Con Mauro Polla a la cabeza, mismo entrenador que lider\u00f3 el equipo a la medalla de oro en el Sudamericano U17 del a\u00f1o pasado, la PreSelecci\u00f3n Nacional U18 masculina concentrar\u00e1 a partir del 17 de mayo en el CeNARD y permanecer\u00e1 all\u00ed hasta definir el equipo y comenzar la competencia. Si bien todav\u00eda no se sortearon los grupos de la misma, se sabe que los ocho pa\u00edses que dir\u00e1n presente el torneo son: Argentina, Brasil, Venezuela, Puerto Rico, Rep\u00fablica Dominicana, Belice, Estados Unidos y Canad\u00e1.<\/p>\n<p style=\"text-align: justify;\">El cuerpo t\u00e9cnico dispuso la convocatoria de 16 jugadores, incluyendo 11 de los 12 integrantes el equipo campe\u00f3n sudamericano el a\u00f1o pasado. All\u00ed, Felipe Minzer fue elegido MVP y Thiago Sucatzky integr\u00f3 el quinteto ideal. Siete convocados para esta concentraci\u00f3n militan en el exterior, mientras que tres de ellos son clase 2007, es decir, dan un a\u00f1o de ventaja. Ser\u00e1 la segunda convocatoria en lo que va del a\u00f1o para la camada, que ya tuvo un Campus de Desarrollo del 15 al 26 de marzo en el CeNARD donde participaron jugadores que se desempe\u00f1an en el \u00e1mbito local.<\/p>\n<p style=\"text-align: justify;\"><strong>PRESELECCI\u00d3N ARGENTINA U18 MASCULINA \u2013 AmeriCup de Buenos Aires<\/strong><br \/>\nViktor Bender | 2006 | Regatas Corrientes<br \/>\nPatricio Cogliati | 2006 | Quimsa<br \/>\nAlbano Costa | 2006 | 9 de Julio de Bah\u00eda Blanca<br \/>\nFabricio D\u00edaz | 2006 | Riachuelo de La Rioja<br \/>\nJorge D\u00edaz Gim\u00e9nez | 2006 | Benjam\u00edn Matienzo<br \/>\nOctavio Donzino | 2006 | Boca Jrs<br \/>\nAlonso Easterling | 2006 | Peninsula Cathilic High School (EEUU)<br \/>\nBruno Far\u00edas | 2006 | Derthona Basketball (ITA)<br \/>\nTom\u00e1s Fern\u00e1ndez Lang | 2006 | Derthona Basketball (ITA)<br \/>\nJoaqu\u00edn Folmer Gassmann | 2006 | San Mart\u00edn de Corrientes<br \/>\nTyler Kropp | 2007 | All Ohio REd EYBL (EEUU)<br \/>\nFelipe Minzer | 2007 | Casademont Zaragoza (ESP)<br \/>\nNichol\u00e1s Petri | 2006 | Obras Sanitarias<br \/>\nMat\u00edas Pikaluk | 2006 | Quimsa<br \/>\nIv\u00e1n Prato | 2007 | Pallacanestro Varese (ITA)<br \/>\nThiago Sucatzky | 2006 | Divine Savior Academy (EEUU)<br \/>\n<strong>Entrenador Principal:<\/strong>\u00a0Mauro Polla<\/p>\n<\/div>\n<\/article>\n<nav class=\"navigation post-navigation\" aria-label=\"Entradas\">\n<h2 class=\"screen-reader-text\">Navegaci\u00f3n de entradas<\/h2>\n<div class=\"nav-links\"><\/div>\n<\/nav>\n","protected":false},"excerpt":{"rendered":"<p>Cuenta regresiva para uno de los cert\u00e1menes m\u00e1s esperados del a\u00f1o en el calendario formativo internacional. Del 3 al 9 de junio, Buenos Aires ser\u00e1 sede de la AmeriCup U18 masculina, el certamen continental que otorga cuatro plazas para el Mundial U19 del a\u00f1o pr\u00f3ximo. Con la mira puesta en este compromiso, en las \u00faltimas [&hellip;]<\/p>\n","protected":false},"author":1,"featured_media":16729,"comment_status":"closed","ping_status":"open","sticky":false,"template":"","format":"standard","meta":[],"categories":[19],"tags":[],"_links":{"self":[{"href":"http:\/\/entreriosbasquet.com\/site\/wp-json\/wp\/v2\/posts\/16728"}],"collection":[{"href":"http:\/\/entreriosbasquet.com\/site\/wp-json\/wp\/v2\/posts"}],"about":[{"href":"http:\/\/entreriosbasquet.com\/site\/wp-json\/wp\/v2\/types\/post"}],"author":[{"embeddable":true,"href":"http:\/\/entreriosbasquet.com\/site\/wp-json\/wp\/v2\/users\/1"}],"replies":[{"embeddable":true,"href":"http:\/\/entreriosbasquet.com\/site\/wp-json\/wp\/v2\/comments?post=16728"}],"version-history":[{"count":1,"href":"http:\/\/entreriosbasquet.com\/site\/wp-json\/wp\/v2\/posts\/16728\/revisions"}],"predecessor-version":[{"id":16730,"href":"http:\/\/entreriosbasquet.com\/site\/wp-json\/wp\/v2\/posts\/16728\/revisions\/16730"}],"wp:featuredmedia":[{"embeddable":true,"href":"http:\/\/entreriosbasquet.com\/site\/wp-json\/wp\/v2\/media\/16729"}],"wp:attachment":[{"href":"http:\/\/entreriosbasquet.com\/site\/wp-json\/wp\/v2\/media?parent=16728"}],"wp:term":[{"taxonomy":"category","embeddable":true,"href":"http:\/\/entreriosbasquet.com\/site\/wp-json\/wp\/v2\/categories?post=16728"},{"taxonomy":"post_tag","embeddable":true,"href":"http:\/\/entreriosbasquet.com\/site\/wp-json\/wp\/v2\/tags?post=16728"}],"curies":[{"name":"wp","href":"https:\/\/api.w.org\/{rel}","templated":true}]}}