{"id":16500,"date":"2024-02-12T10:56:51","date_gmt":"2024-02-12T13:56:51","guid":{"rendered":"https:\/\/entreriosbasquet.com\/site\/?p=16500"},"modified":"2024-02-12T15:30:13","modified_gmt":"2024-02-12T18:30:13","slug":"maxi-benavidez-estara-en-el-campus-cab-u17","status":"publish","type":"post","link":"http:\/\/entreriosbasquet.com\/site\/2024\/02\/12\/maxi-benavidez-estara-en-el-campus-cab-u17\/","title":{"rendered":"Maxi Benavidez estar\u00e1 en el Campus CAB U17"},"content":{"rendered":"<p style=\"text-align: justify;\">En las \u00faltimas horas se dio a conocer que ya est\u00e1 todo listo para que la categor\u00eda U17 Masculina realice el Campus de Desarrollo, que sirve como puntapi\u00e9 inicial para un a\u00f1o que tiene por delante, adem\u00e1s de mucho trabajo y preparaci\u00f3n, el Mundial de Turqu\u00eda, a desarrollarse del 29 de junio al 7 de julio en Estambul.<\/p>\n<p style=\"text-align: justify;\">La convocatoria ser\u00e1 del 21 de febrero al 2 de marzo, el Centro Nacional de Alto Rendimiento Deportivo (CeNARD) y estar\u00e1 presente el entrerriano <strong>M\u00e1ximo Benavidez<\/strong>, surgido de la cantera de Parque Sur de Concepci\u00f3n del Uruguay y actualmente en Independiente de Oliva.<\/p>\n<p style=\"text-align: justify;\">Para esta convocatoria, la primera del a\u00f1o para la camada y la segunda para la rama masculina, el entrenador Juan Pablo Fern\u00e1ndez dispuso una n\u00f3mina de 18 jugadores en la que se encuentran cinco de los doce j\u00f3venes que el a\u00f1o pasado lograron la clasificaci\u00f3n mundialista en el FIBA Am\u00e9ricas U18 que se celebr\u00f3 en M\u00e9rida, M\u00e9xico.<\/p>\n<p style=\"text-align: justify;\">All\u00ed, la Selecci\u00f3n Nacional, que tambi\u00e9n fue comandada por Fern\u00e1ndez derrot\u00f3 a Rep\u00fablica Dominicana en los cuartos de final para obtener el boleto al Mundial U17 y luego finalizaron en el cuarto puesto del certamen.<\/p>\n<p>Para esta primera instancia, el cuerpo t\u00e9cnico dispuso la convocatoria de mayor\u00eda de jugadores que se desempe\u00f1an en nuestro pa\u00eds con la excepci\u00f3n de Mat\u00edas Trouet, proveniente de Portugal y hermano de Santiago, miembro de la Selecci\u00f3n Nacional U19 que el a\u00f1o pasado obtuvo el quinto puesto. De los 18 citados, 15 son clase 2007, pero habr\u00e1 otros tres nacidos en el 2008, Sim\u00f3n Grand\u00edn de Obras Sanitarias, Ezequiel Ju\u00e1rez de R\u00edo Gallegos y Rom\u00e1n Moravansky de Ferro Carril Oeste.<\/p>\n<p>Si bien est\u00e1n pautadas m\u00e1s convocatorias en el futuro cercano que estar\u00e1n enfocadas en la preparaci\u00f3n del equipo, para esta ocasi\u00f3n el objetivo pasar\u00e1 por el desarrollo individual e integral de los jugadores, su seguimiento y su evaluaci\u00f3n de cara a las siguientes etapas del proceso.<\/p>\n<p><strong>CAMPUS DE DESARROLLO INDIVIDUAL &#8211; DEL 20 DE FEBRERO AL 2 DE MARZO<\/strong><\/p>\n<p>Franco Aguerre &#8211; Atenas Sport Club de Mendoza<br \/>\nLucas Andersson &#8211; Almagro de Esperanza<br \/>\nJuan Pablo Arias &#8211; Argentino de Jun\u00edn<br \/>\nM\u00e1ximo Benavidez &#8211; Independiente de Oliva<br \/>\nMart\u00edn Chapero &#8211; Pe\u00f1arol del Mar del Plata<br \/>\nSim\u00f3n Chemez &#8211; San Isidro de San Francisco<br \/>\nFidel Cifuentes Rotta &#8211; Boca Juniors<br \/>\nMat\u00edas Domin\u00e9 &#8211; Quilmes de Mar del Plata<br \/>\nSim\u00f3n Grandin &#8211; Obras Sanitarias<br \/>\nSantiago Guasco Pasquini &#8211; Alianza Viedma<br \/>\nEzequiel Ju\u00e1rez &#8211; San Miguel de R\u00edo Gallegos<br \/>\nM\u00e1ximo Liscovsky &#8211; Pac\u00edfico de Neuqu\u00e9n<br \/>\nC\u00e9sar Mart\u00ednez Acu\u00f1a &#8211; Ciclista Ol\u00edmpico de La Banda<br \/>\nRom\u00e1n Moravansky &#8211; Ferro Carril Oeste<br \/>\nMat\u00edas Sanz Pierlorenzi &#8211; Regatas Corrientes<br \/>\nPablo Spies &#8211; Almagro de Esperanza<br \/>\nMart\u00edn Torriani &#8211; Boca Juniors<br \/>\nMat\u00edas Trouet &#8211; Sport Lisboa e Benfica (POR)<\/p>\n<p><strong>STAFF<\/strong><br \/>\nEntrenadores: Juan Pablo Fern\u00e1ndez y Mauricio Sant\u00e1ngelo<br \/>\nPreparadores F\u00edsicos: Mat\u00edas Podest\u00e1 y Yonathan Rodr\u00edguez<br \/>\nEntrenadores Invitados: Fernando Oviedo y Agust\u00edn Bajz<br \/>\nCoordinador: Mariano Marcos<br \/>\nDirectora: Karina Rodr\u00edguez<\/p>\n","protected":false},"excerpt":{"rendered":"<p>En las \u00faltimas horas se dio a conocer que ya est\u00e1 todo listo para que la categor\u00eda U17 Masculina realice el Campus de Desarrollo, que sirve como puntapi\u00e9 inicial para un a\u00f1o que tiene por delante, adem\u00e1s de mucho trabajo y preparaci\u00f3n, el Mundial de Turqu\u00eda, a desarrollarse del 29 de junio al 7 de [&hellip;]<\/p>\n","protected":false},"author":1,"featured_media":16501,"comment_status":"closed","ping_status":"open","sticky":false,"template":"","format":"standard","meta":[],"categories":[19],"tags":[],"_links":{"self":[{"href":"http:\/\/entreriosbasquet.com\/site\/wp-json\/wp\/v2\/posts\/16500"}],"collection":[{"href":"http:\/\/entreriosbasquet.com\/site\/wp-json\/wp\/v2\/posts"}],"about":[{"href":"http:\/\/entreriosbasquet.com\/site\/wp-json\/wp\/v2\/types\/post"}],"author":[{"embeddable":true,"href":"http:\/\/entreriosbasquet.com\/site\/wp-json\/wp\/v2\/users\/1"}],"replies":[{"embeddable":true,"href":"http:\/\/entreriosbasquet.com\/site\/wp-json\/wp\/v2\/comments?post=16500"}],"version-history":[{"count":2,"href":"http:\/\/entreriosbasquet.com\/site\/wp-json\/wp\/v2\/posts\/16500\/revisions"}],"predecessor-version":[{"id":16506,"href":"http:\/\/entreriosbasquet.com\/site\/wp-json\/wp\/v2\/posts\/16500\/revisions\/16506"}],"wp:featuredmedia":[{"embeddable":true,"href":"http:\/\/entreriosbasquet.com\/site\/wp-json\/wp\/v2\/media\/16501"}],"wp:attachment":[{"href":"http:\/\/entreriosbasquet.com\/site\/wp-json\/wp\/v2\/media?parent=16500"}],"wp:term":[{"taxonomy":"category","embeddable":true,"href":"http:\/\/entreriosbasquet.com\/site\/wp-json\/wp\/v2\/categories?post=16500"},{"taxonomy":"post_tag","embeddable":true,"href":"http:\/\/entreriosbasquet.com\/site\/wp-json\/wp\/v2\/tags?post=16500"}],"curies":[{"name":"wp","href":"https:\/\/api.w.org\/{rel}","templated":true}]}}