{"id":16497,"date":"2024-02-09T16:24:58","date_gmt":"2024-02-09T19:24:58","guid":{"rendered":"https:\/\/entreriosbasquet.com\/site\/?p=16497"},"modified":"2024-02-09T16:24:58","modified_gmt":"2024-02-09T19:24:58","slug":"mateo-eckert-vouk-en-el-campus-de-desarrollo-cab-u15","status":"publish","type":"post","link":"http:\/\/entreriosbasquet.com\/site\/2024\/02\/09\/mateo-eckert-vouk-en-el-campus-de-desarrollo-cab-u15\/","title":{"rendered":"Mateo Eckert Vouk en el Campus de Desarrollo CAB U15"},"content":{"rendered":"<p style=\"text-align: justify;\">Se ponen en marcha los trabajos en las categor\u00edas formativas para la rama masculina. Del 10 al 20 de febrero el CeNARD ser\u00e1 sede del Campus de Desarrollo para la categor\u00eda U15 masculina; en le mismo estar\u00e1 presente en entrerriano Mateo Eckert Vouk (Luis Luciano de Urdinarrain).<\/p>\n<p style=\"text-align: justify;\">Este a\u00f1o, la camada tiene por delante el Sudamericano de la categor\u00eda, en lo que ser\u00e1 su primera experiencia oficial representando a nuestro pa\u00eds. Esta ser\u00e1 la primera instancia de concentraci\u00f3n y evaluaci\u00f3n para este primer grupo de jugadores.<\/p>\n<p style=\"text-align: justify;\">El equipo de trabajo comandado por Mariano Marcos y Karina Rodr\u00edguez dispuso una convocatoria de 18 jugadores nacidos en el 2009 y en el 2010. Los mismos trabajar\u00e1n con el foco puesto en el desarrollo individual y en la mejora de los fundamentos del juego a lo largo de once d\u00edas y en doble turno. Durante la experiencia tambi\u00e9n habr\u00e1 talleres sobre prevenci\u00f3n de lesiones y psicolog\u00eda deportiva. Para esta ocasi\u00f3n, el staff de CAB dispuso la invitaci\u00f3n de cuatro entrenadores para sumarse al equipo de trabajo.<\/p>\n<p style=\"text-align: justify;\">El Plan Nacional de Desarrollo ya comienza a dar sus frutos en este flamante 2024. Dos de los jugadores convocados para esta ocasi\u00f3n fueron parte del PDF que se realiz\u00f3 durante el mes de enero en Concepci\u00f3n del Uruguay. Ser\u00e1 el segundo campus que el CeNARD recibe este a\u00f1o.<\/p>\n","protected":false},"excerpt":{"rendered":"<p>Se ponen en marcha los trabajos en las categor\u00edas formativas para la rama masculina. Del 10 al 20 de febrero el CeNARD ser\u00e1 sede del Campus de Desarrollo para la categor\u00eda U15 masculina; en le mismo estar\u00e1 presente en entrerriano Mateo Eckert Vouk (Luis Luciano de Urdinarrain). Este a\u00f1o, la camada tiene por delante el [&hellip;]<\/p>\n","protected":false},"author":1,"featured_media":16498,"comment_status":"closed","ping_status":"open","sticky":false,"template":"","format":"standard","meta":[],"categories":[19],"tags":[],"_links":{"self":[{"href":"http:\/\/entreriosbasquet.com\/site\/wp-json\/wp\/v2\/posts\/16497"}],"collection":[{"href":"http:\/\/entreriosbasquet.com\/site\/wp-json\/wp\/v2\/posts"}],"about":[{"href":"http:\/\/entreriosbasquet.com\/site\/wp-json\/wp\/v2\/types\/post"}],"author":[{"embeddable":true,"href":"http:\/\/entreriosbasquet.com\/site\/wp-json\/wp\/v2\/users\/1"}],"replies":[{"embeddable":true,"href":"http:\/\/entreriosbasquet.com\/site\/wp-json\/wp\/v2\/comments?post=16497"}],"version-history":[{"count":1,"href":"http:\/\/entreriosbasquet.com\/site\/wp-json\/wp\/v2\/posts\/16497\/revisions"}],"predecessor-version":[{"id":16499,"href":"http:\/\/entreriosbasquet.com\/site\/wp-json\/wp\/v2\/posts\/16497\/revisions\/16499"}],"wp:featuredmedia":[{"embeddable":true,"href":"http:\/\/entreriosbasquet.com\/site\/wp-json\/wp\/v2\/media\/16498"}],"wp:attachment":[{"href":"http:\/\/entreriosbasquet.com\/site\/wp-json\/wp\/v2\/media?parent=16497"}],"wp:term":[{"taxonomy":"category","embeddable":true,"href":"http:\/\/entreriosbasquet.com\/site\/wp-json\/wp\/v2\/categories?post=16497"},{"taxonomy":"post_tag","embeddable":true,"href":"http:\/\/entreriosbasquet.com\/site\/wp-json\/wp\/v2\/tags?post=16497"}],"curies":[{"name":"wp","href":"https:\/\/api.w.org\/{rel}","templated":true}]}}