{"id":16394,"date":"2024-01-18T06:04:13","date_gmt":"2024-01-18T09:04:13","guid":{"rendered":"https:\/\/entreriosbasquet.com\/site\/?p=16394"},"modified":"2024-01-18T17:11:36","modified_gmt":"2024-01-18T20:11:36","slug":"mauro-tarrago-baja-en-rocamora-por-una-seria-lesion","status":"publish","type":"post","link":"http:\/\/entreriosbasquet.com\/site\/2024\/01\/18\/mauro-tarrago-baja-en-rocamora-por-una-seria-lesion\/","title":{"rendered":"Mauro Tarrago, baja en Rocamora por una seria lesi\u00f3n"},"content":{"rendered":"<div class=\"x11i5rnm xat24cr x1mh8g0r x1vvkbs xtlvy1s x126k92a\">\n<div dir=\"auto\" style=\"text-align: justify;\">No todas fueron buenas noticias las que dej\u00f3 el s\u00e1bado el triunfo de Tom\u00e1s de Rocamora ante La Uni\u00f3n por la Conferencia Sur de la Liga Argentina de B\u00e1squetbol. En el transcurso del partido sali\u00f3 con una lesi\u00f3n el base Mauro Tarrag\u00f3 y este mi\u00e9rcoles se confirm\u00f3 que sufri\u00f3 una rotura de ligamentos de rodilla por lo ser\u00e1 baja para el resto de la temporada.<\/div>\n<\/div>\n<div class=\"x11i5rnm xat24cr x1mh8g0r x1vvkbs xtlvy1s x126k92a\" style=\"text-align: justify;\">\n<div dir=\"auto\"><\/div>\n<div dir=\"auto\">Apenas 2:38 minutos fueron los que pudo estar en cancha el base rosarino durante el \u00faltimo partido de Rocamora. No volvi\u00f3 a jugar despu\u00e9s y en las \u00faltimas horas, tras realizarse los estudios pertinentes, se comprob\u00f3 que sufri\u00f3 una rotura del ligamento cruzado anterior de la rodilla derecha. Una dura lesi\u00f3n que demanda intervenci\u00f3n quir\u00fargica y una recuperaci\u00f3n que lleva entre seis y ocho meses.<\/div>\n<\/div>\n<div class=\"x11i5rnm xat24cr x1mh8g0r x1vvkbs xtlvy1s x126k92a\" style=\"text-align: justify;\">\n<div dir=\"auto\"><\/div>\n<div dir=\"auto\">\u201cLa sensaci\u00f3n es de tristeza por supuesto, duele dejar en este momento al equipo y al club en esta segunda temporada que me toca estar con ellos. Este tipo de lesiones pasan y lamentablemente son comunes en el deporte profesional, hoy me toc\u00f3 a m\u00ed\u201d, manifest\u00f3 el jugador que el pasado martes 16 cumpli\u00f3 29 a\u00f1os.<\/div>\n<\/div>\n<div class=\"x11i5rnm xat24cr x1mh8g0r x1vvkbs xtlvy1s x126k92a\">\n<div dir=\"auto\" style=\"text-align: justify;\"><\/div>\n<div dir=\"auto\" style=\"text-align: justify;\">\u201cNo queda m\u00e1s que pasar este mal momento y enfocarse en recuperarse lo mejor posible. Por supuesto, agradecer a la dirigencia del Rojo que est\u00e1n a disposici\u00f3n para llevar a cabo esta etapa de recuperaci\u00f3n y tambi\u00e9n a mis compa\u00f1eros, cuerpo t\u00e9cnico y gente del club que me han demostrado su apoyo en los \u00faltimos d\u00edas. Realmente se va a extra\u00f1ar el d\u00eda a d\u00eda\u201d, se lament\u00f3.<\/div>\n<div dir=\"auto\" style=\"text-align: justify;\"><\/div>\n<div dir=\"auto\" style=\"text-align: justify;\">Desde la dirigencia se inform\u00f3 que el club saldr\u00e1 a buscar un reemplazo en los pr\u00f3ximos d\u00edas para sumar al equipo que volver\u00e1 a jugar el pr\u00f3ximo mi\u00e9rcoles 24 ante Gimnasia de La Plata, como local. Tanto de manera personal como a trav\u00e9s de sus Redes Sociales la instituci\u00f3n se solidariz\u00f3 y le brind\u00f3 su apoyo al jugador en este dif\u00edcil momento.<\/div>\n<div dir=\"auto\" style=\"text-align: justify;\"><\/div>\n<div dir=\"auto\" style=\"text-align: justify;\"><strong>Se suma otro U19<\/strong><\/div>\n<div dir=\"auto\" style=\"text-align: justify;\"><\/div>\n<div dir=\"auto\" style=\"text-align: justify;\">En el mediod\u00eda de este jueves llegar\u00e1 a la ciudad para luego integrarse a Rocamora el base Santiago Candia, formado en Weber Bah\u00eda y que estaba jugando en el club Pueyrred\u00f3n de Bah\u00eda Blanca. Se trata de un jugador U19 que, al igual que Emanuel Denis, llegar\u00e1 para sumarse al proceso de formaci\u00f3n y desarrollo que tiene el el club.<\/div>\n<\/div>\n","protected":false},"excerpt":{"rendered":"<p>No todas fueron buenas noticias las que dej\u00f3 el s\u00e1bado el triunfo de Tom\u00e1s de Rocamora ante La Uni\u00f3n por la Conferencia Sur de la Liga Argentina de B\u00e1squetbol. En el transcurso del partido sali\u00f3 con una lesi\u00f3n el base Mauro Tarrag\u00f3 y este mi\u00e9rcoles se confirm\u00f3 que sufri\u00f3 una rotura de ligamentos de rodilla [&hellip;]<\/p>\n","protected":false},"author":1,"featured_media":16395,"comment_status":"closed","ping_status":"open","sticky":false,"template":"","format":"standard","meta":[],"categories":[11],"tags":[197,26],"_links":{"self":[{"href":"http:\/\/entreriosbasquet.com\/site\/wp-json\/wp\/v2\/posts\/16394"}],"collection":[{"href":"http:\/\/entreriosbasquet.com\/site\/wp-json\/wp\/v2\/posts"}],"about":[{"href":"http:\/\/entreriosbasquet.com\/site\/wp-json\/wp\/v2\/types\/post"}],"author":[{"embeddable":true,"href":"http:\/\/entreriosbasquet.com\/site\/wp-json\/wp\/v2\/users\/1"}],"replies":[{"embeddable":true,"href":"http:\/\/entreriosbasquet.com\/site\/wp-json\/wp\/v2\/comments?post=16394"}],"version-history":[{"count":1,"href":"http:\/\/entreriosbasquet.com\/site\/wp-json\/wp\/v2\/posts\/16394\/revisions"}],"predecessor-version":[{"id":16396,"href":"http:\/\/entreriosbasquet.com\/site\/wp-json\/wp\/v2\/posts\/16394\/revisions\/16396"}],"wp:featuredmedia":[{"embeddable":true,"href":"http:\/\/entreriosbasquet.com\/site\/wp-json\/wp\/v2\/media\/16395"}],"wp:attachment":[{"href":"http:\/\/entreriosbasquet.com\/site\/wp-json\/wp\/v2\/media?parent=16394"}],"wp:term":[{"taxonomy":"category","embeddable":true,"href":"http:\/\/entreriosbasquet.com\/site\/wp-json\/wp\/v2\/categories?post=16394"},{"taxonomy":"post_tag","embeddable":true,"href":"http:\/\/entreriosbasquet.com\/site\/wp-json\/wp\/v2\/tags?post=16394"}],"curies":[{"name":"wp","href":"https:\/\/api.w.org\/{rel}","templated":true}]}}