{"id":16388,"date":"2024-01-18T09:12:14","date_gmt":"2024-01-18T12:12:14","guid":{"rendered":"https:\/\/entreriosbasquet.com\/site\/?p=16388"},"modified":"2024-01-18T09:12:14","modified_gmt":"2024-01-18T12:12:14","slug":"a-un-mes-del-inicio-de-la-liga-federal-bancario-se-prepara","status":"publish","type":"post","link":"http:\/\/entreriosbasquet.com\/site\/2024\/01\/18\/a-un-mes-del-inicio-de-la-liga-federal-bancario-se-prepara\/","title":{"rendered":"A un mes del inicio de la Liga Federal, Bancario se prepara"},"content":{"rendered":"<p style=\"text-align: justify;\">El Centro Bancario Gualeguay sigue adelante con los entrenamientos de cara a lo que ser\u00e1 su participaci\u00f3n en la Liga Federal Masculina 2024, una nueva intervenci\u00f3n a nivel nacional para el elenco gualeyo.<\/p>\n<p style=\"text-align: justify;\">El plantel seguir\u00e1 siendo dirigido por Rom\u00e1n Nu\u00f1ez, qui\u00e9n al t\u00e9rmino de la pr\u00e1ctica del martes dej\u00f3 sus sensaciones de afrontar una nueva temporada en el \u201cVerde\u201d: \u201cEstoy muy contento de seguir ligado a esta instituci\u00f3n que me ha dado tanto, ya hace mucho tiempo estoy ac\u00e1 y me siento muy parte del club. Es una responsabilidad grande estar al frente de este equipo ya en el tercer Torneo Federal que nos toca participar\u201d.<\/p>\n<p style=\"text-align: justify;\">Bancario ser\u00e1 parte del Grupo A de la Conferencia Litoral compartiendo la zona con Parque Sur, Regatas de Concepci\u00f3n del Uruguay, Central Entrerriano, Racing de Gualeguaych\u00fa y Atl\u00e9tico BH de Gualeguay. El certamen iniciar\u00e1 el pr\u00f3ximo 17 de febrero.<\/p>\n<p style=\"text-align: justify;\"><strong><span style=\"color: #339966;\">EL PLANTEL DE BANCARIO<\/span><\/strong><\/p>\n<p style=\"text-align: justify;\"><strong>Jugadores Mayores:<\/strong><\/p>\n<p style=\"text-align: justify;\">. Emiliano Cancina, alero ex San Isidro (Liga Argentina)<br \/>\n.Laureano Legaria, base ex (Ciclista de Jun\u00edn)<br \/>\n.Leandro Teko Gerez, Interno<br \/>\n.Rodrigo Martinez Lencioni, Interno<br \/>\n.Tomas Sagarzazu interno<br \/>\n<strong>Jugadores U23:<\/strong><br \/>\n.Juan Impini, interno<br \/>\n.Thomas Wagner, escolta<br \/>\n<strong>Jugadores U21:<\/strong><br \/>\n.Gonzalo Yorio, Escolta ex (All Boys de La Pampa)<br \/>\n.Tomas Olmos escolta<br \/>\n<strong>Jugadores U19:<\/strong><br \/>\n.Alfonso Fahler, Base<br \/>\n.Andr\u00e9s Yacuzzi, Base<br \/>\n.Franco Barattini, Escolta<br \/>\n.Lucas Lencioni, Alero<br \/>\n.Tomas Fern\u00e1ndez, Interno<\/p>\n<p style=\"text-align: justify;\"><strong>CT:<\/strong> Rom\u00e1n Nu\u00f1ez DT, Paula Capurro y Franco Elcura AT, Cristian Man (U) y Cristian Airala (k)<\/p>\n<p style=\"text-align: justify;\">\n","protected":false},"excerpt":{"rendered":"<p>El Centro Bancario Gualeguay sigue adelante con los entrenamientos de cara a lo que ser\u00e1 su participaci\u00f3n en la Liga Federal Masculina 2024, una nueva intervenci\u00f3n a nivel nacional para el elenco gualeyo. El plantel seguir\u00e1 siendo dirigido por Rom\u00e1n Nu\u00f1ez, qui\u00e9n al t\u00e9rmino de la pr\u00e1ctica del martes dej\u00f3 sus sensaciones de afrontar una [&hellip;]<\/p>\n","protected":false},"author":1,"featured_media":16389,"comment_status":"closed","ping_status":"open","sticky":false,"template":"","format":"standard","meta":[],"categories":[16],"tags":[],"_links":{"self":[{"href":"http:\/\/entreriosbasquet.com\/site\/wp-json\/wp\/v2\/posts\/16388"}],"collection":[{"href":"http:\/\/entreriosbasquet.com\/site\/wp-json\/wp\/v2\/posts"}],"about":[{"href":"http:\/\/entreriosbasquet.com\/site\/wp-json\/wp\/v2\/types\/post"}],"author":[{"embeddable":true,"href":"http:\/\/entreriosbasquet.com\/site\/wp-json\/wp\/v2\/users\/1"}],"replies":[{"embeddable":true,"href":"http:\/\/entreriosbasquet.com\/site\/wp-json\/wp\/v2\/comments?post=16388"}],"version-history":[{"count":1,"href":"http:\/\/entreriosbasquet.com\/site\/wp-json\/wp\/v2\/posts\/16388\/revisions"}],"predecessor-version":[{"id":16390,"href":"http:\/\/entreriosbasquet.com\/site\/wp-json\/wp\/v2\/posts\/16388\/revisions\/16390"}],"wp:featuredmedia":[{"embeddable":true,"href":"http:\/\/entreriosbasquet.com\/site\/wp-json\/wp\/v2\/media\/16389"}],"wp:attachment":[{"href":"http:\/\/entreriosbasquet.com\/site\/wp-json\/wp\/v2\/media?parent=16388"}],"wp:term":[{"taxonomy":"category","embeddable":true,"href":"http:\/\/entreriosbasquet.com\/site\/wp-json\/wp\/v2\/categories?post=16388"},{"taxonomy":"post_tag","embeddable":true,"href":"http:\/\/entreriosbasquet.com\/site\/wp-json\/wp\/v2\/tags?post=16388"}],"curies":[{"name":"wp","href":"https:\/\/api.w.org\/{rel}","templated":true}]}}