{"id":16383,"date":"2024-01-17T12:06:29","date_gmt":"2024-01-17T15:06:29","guid":{"rendered":"https:\/\/entreriosbasquet.com\/site\/?p=16383"},"modified":"2024-01-17T12:06:29","modified_gmt":"2024-01-17T15:06:29","slug":"con-presencia-entrerriana-se-viene-en-campus-cab-femenino-u15","status":"publish","type":"post","link":"http:\/\/entreriosbasquet.com\/site\/2024\/01\/17\/con-presencia-entrerriana-se-viene-en-campus-cab-femenino-u15\/","title":{"rendered":"Con presencia entrerriana, se viene en Campus CAB Femenino U15"},"content":{"rendered":"<p style=\"text-align: justify;\">Desde el 26 de enero el CeNARD abrir\u00e1 sus puertas para recibir al Campus de Desarrollo U15 Femenino, la primera categor\u00eda en regresar con sus actividades. La preparaci\u00f3n se extender\u00e1 hasta el mi\u00e9rcoles 6 de febrero, incorporando adem\u00e1s m\u00f3dulos espec\u00edficos de concientizaci\u00f3n de h\u00e1bitos alimenticios y cuidados corporales para mitigar el riesgo de lesiones.<\/p>\n<p style=\"text-align: justify;\">En total ser\u00e1n 19 las jugadoras que participen de esta convocatoria para la camada 2009 y 2010, entre ellas las entrerrianas Florencia Losada (Rocamora), Guadalupe Chiappella (Parque Sur) y Joselin Chiara (Paracao). La inclusi\u00f3n de representantes de seis regiones de juego en esta citaci\u00f3n refleja la determinaci\u00f3n de ampliar y federalizar la presencia geogr\u00e1fica de la rama femenina.<\/p>\n<p style=\"text-align: justify;\">De acuerdo con el calendario anunciado por FIBA, el Sudamericano de la categor\u00eda deber\u00eda desarrollarse durante las primeras semanas noviembre de este a\u00f1o, con sede a\u00fan por confirmarse. La \u00faltima edici\u00f3n fue sobre el cierre de 2022 y con la Selecci\u00f3n Nacional cor\u00e1ndose campe\u00f3n en Chile.<\/p>\n<p style=\"text-align: justify;\">El staff t\u00e9cnico se compone por Paula Budini y Carolina Schiavone como entrenadoras, Mat\u00edas Podesta y Yonathan Rodr\u00edguez como preparadores f\u00edsicos. En tanto que Karina Rodr\u00edguez (Directora CAB) y Mariano Marcos (Coordinador de formativas) estar\u00e1n a cargo de la concentraci\u00f3n y planificaci\u00f3n de las actividades.<\/p>\n<p style=\"text-align: justify;\"><strong>CAMPUS DE DESARROLLO U15 FEMENINO<\/strong><br \/>\nRenata Canepa | 2009 | Deportivo Berazategui<br \/>\nLourdes Castro Ibarra | 2009 | Ameghino<br \/>\nGuadalupe Chiappella | 2009 | Parque Sur<br \/>\nJoselin Chiara | 2009 | Atl\u00e9tico Paracao<br \/>\nDelfina Cineo | 2009 | Deportivo Berazategui<br \/>\nPilar Diez Rodr\u00edguez | 2009 | Obras Sanitarias<br \/>\nLupe Dinsmann Vinciguerra | 2010 | Talleres R.P.B<br \/>\nIsabella Larrasolo Hern\u00e1ndez | 2009 | Atl\u00e9tico 9 de Julio<br \/>\nFlorencia Losada | 2010 | Rocamora<br \/>\nSofia Massa | 2009 | Los indios de Moreno<br \/>\nKiara Miro Morra | 2009 | Sportivo Bolivar<br \/>\nJuana Montivero | 2010 | Bahiense del Norte<br \/>\nVenetia Oliva Ioanidis | 2010 | Gimnasia y Esgrima La Plata<br \/>\nDaniela Olivera Senosiain | 2010 | Recreativo Claromeco<br \/>\nMorena Pinikas | 2009 | Atl\u00e9tico Independiente<br \/>\nIsabella Rold\u00e1n | 2009 | Atl\u00e9tico 9 de Julio<br \/>\nCandela Romero | 2009 | Deportivo Berazategui<br \/>\nDelfina Scarpelli Grissia | 2009 | Deportivo Berazategui<br \/>\nLuc\u00eda Stenta | 2009 | Talleres R.P.B<\/p>\n","protected":false},"excerpt":{"rendered":"<p>Desde el 26 de enero el CeNARD abrir\u00e1 sus puertas para recibir al Campus de Desarrollo U15 Femenino, la primera categor\u00eda en regresar con sus actividades. La preparaci\u00f3n se extender\u00e1 hasta el mi\u00e9rcoles 6 de febrero, incorporando adem\u00e1s m\u00f3dulos espec\u00edficos de concientizaci\u00f3n de h\u00e1bitos alimenticios y cuidados corporales para mitigar el riesgo de lesiones. En [&hellip;]<\/p>\n","protected":false},"author":1,"featured_media":16386,"comment_status":"closed","ping_status":"open","sticky":false,"template":"","format":"standard","meta":[],"categories":[21],"tags":[],"_links":{"self":[{"href":"http:\/\/entreriosbasquet.com\/site\/wp-json\/wp\/v2\/posts\/16383"}],"collection":[{"href":"http:\/\/entreriosbasquet.com\/site\/wp-json\/wp\/v2\/posts"}],"about":[{"href":"http:\/\/entreriosbasquet.com\/site\/wp-json\/wp\/v2\/types\/post"}],"author":[{"embeddable":true,"href":"http:\/\/entreriosbasquet.com\/site\/wp-json\/wp\/v2\/users\/1"}],"replies":[{"embeddable":true,"href":"http:\/\/entreriosbasquet.com\/site\/wp-json\/wp\/v2\/comments?post=16383"}],"version-history":[{"count":1,"href":"http:\/\/entreriosbasquet.com\/site\/wp-json\/wp\/v2\/posts\/16383\/revisions"}],"predecessor-version":[{"id":16387,"href":"http:\/\/entreriosbasquet.com\/site\/wp-json\/wp\/v2\/posts\/16383\/revisions\/16387"}],"wp:featuredmedia":[{"embeddable":true,"href":"http:\/\/entreriosbasquet.com\/site\/wp-json\/wp\/v2\/media\/16386"}],"wp:attachment":[{"href":"http:\/\/entreriosbasquet.com\/site\/wp-json\/wp\/v2\/media?parent=16383"}],"wp:term":[{"taxonomy":"category","embeddable":true,"href":"http:\/\/entreriosbasquet.com\/site\/wp-json\/wp\/v2\/categories?post=16383"},{"taxonomy":"post_tag","embeddable":true,"href":"http:\/\/entreriosbasquet.com\/site\/wp-json\/wp\/v2\/tags?post=16383"}],"curies":[{"name":"wp","href":"https:\/\/api.w.org\/{rel}","templated":true}]}}