{"id":16380,"date":"2024-01-17T09:38:47","date_gmt":"2024-01-17T12:38:47","guid":{"rendered":"https:\/\/entreriosbasquet.com\/site\/?p=16380"},"modified":"2024-01-17T09:38:47","modified_gmt":"2024-01-17T12:38:47","slug":"regatas-ya-se-alista-para-la-liga-federal","status":"publish","type":"post","link":"http:\/\/entreriosbasquet.com\/site\/2024\/01\/17\/regatas-ya-se-alista-para-la-liga-federal\/","title":{"rendered":"Regatas ya se alista para la Liga Federal"},"content":{"rendered":"<p style=\"text-align: justify;\"><span style=\"font-family: arial, sans-serif;\">Este pasado lunes el Club Regatas Uruguay de Concepci\u00f3n del Uruguay puso primera de cara a una nueva edici\u00f3n de La Liga Federal 2024. El conjunto Celeste realiz\u00f3 primero una reuni\u00f3n de presentaci\u00f3n entre los jugadores y el cuerpo t\u00e9cnico, y posteriormente comenzaron con los trabajos f\u00edsicos y en cancha.<\/span><\/p>\n<p style=\"text-align: justify;\"><span style=\"font-family: arial, sans-serif;\">Esta Liga Federal cuenta con 107 equipos inscriptos, siendo una cifra r\u00e9cord que supera los 102 del 2023, y Regatas sobresale como el club con m\u00e1s juegos ganados en la historia de la competici\u00f3n. Desde la creaci\u00f3n del Torneo Federal en el a\u00f1o 2011, el Cele ha disputado once de las doce temporadas (la \u00faltima en 2022) que se jugaron hasta la fecha, y ha ganado un total de 236 juegos de 393 disputados.<\/span><\/p>\n<p style=\"text-align: justify;\"><span style=\"font-family: arial, sans-serif;\">Es por eso que vale destacar que para esta temporada, Regatas cuenta con varias caras conocidas de la historia reciente. Guido Dellavedova hizo su regreso tras disputar la Liga Federal 2023 con Atl\u00e9tico Tala, y el Prefederal 2023 con Parque Sur, siendo su \u00faltima temporada vistiendo la casaca del Cele en el 2022. Este 2024 se cumplir\u00e1n diez a\u00f1os desde que Guido debut\u00f3 con el equipo mayor del club.<\/span><\/p>\n<p style=\"text-align: justify;\"><span style=\"font-family: arial, sans-serif;\">Otro de los destacados son Agust\u00edn Aguirre y Facundo Barreto. Aguirre, quien jug\u00f3 para Regatas en todas las temporadas del Federal, es uno de los jugadores con m\u00e1s partidos disputados en la competencia, mientras que Facu, quien viene de jugar el \u00faltimo Prefederal, ya tuvo un paso muy recordado por el club entre 2014 y 2018. Estos tres mencionados eran algunos de los j\u00f3venes que integraban el equipo de la temporada 2014\/15.<\/span><\/p>\n<p style=\"text-align: justify;\"><span style=\"font-family: arial, sans-serif;\">Adem\u00e1s de ellos, los dem\u00e1s fichajes realizados por Regatas fueron las incorporaciones de Tom\u00e1s Dell y Amadeo Cherot, ambos U23, y las renovaciones de Pedro Amoros y Mat\u00edas Riquelme. El equipo lo completa el plantel U21 del club.<\/span><\/p>\n<p style=\"text-align: justify;\"><span style=\"font-family: arial, sans-serif;\">Esta temporada, El Cele integra el Grupo A de la regi\u00f3n del Litoral junto a Parque Sur, Central Entrerriano, Racing de Gualeguaych\u00fa, Centro Bancario de Gualeguay y Atl\u00e9tico BH de Gualeguay. El grupo B estar\u00e1 conformado por Atl\u00e9tico Tala, Pe\u00f1arol, Ferro de San Salvador, Sportivo San Salvador, Gimnasia y Esgrima de Santa Fe y Uni\u00f3n de Crespo.<\/span><\/p>\n<div>\n<h3 style=\"text-align: justify;\"><span style=\"font-family: arial, sans-serif;\">Plantel que estuvo entrenando<\/span><\/h3>\n<ul>\n<li><span style=\"font-family: arial, sans-serif;\">Facundo Barreto<\/span><\/li>\n<li><span style=\"font-family: arial, sans-serif;\">Agust\u00edn Aguirre<\/span><\/li>\n<li><span style=\"font-family: arial, sans-serif;\">Pedro Amoros<\/span><\/li>\n<li><span style=\"font-family: arial, sans-serif;\">Guido Dellavedova<\/span><\/li>\n<li><span style=\"font-family: arial, sans-serif;\">Tom\u00e1s Dell<\/span><\/li>\n<li><span style=\"font-family: arial, sans-serif;\">Amadeo Cherot<\/span><\/li>\n<li><span style=\"font-family: arial, sans-serif;\">Mat\u00edas Riquelme<\/span><\/li>\n<li><span style=\"font-family: arial, sans-serif;\">Juan Ignacio Giudici<\/span><\/li>\n<li><span style=\"font-family: arial, sans-serif;\">Davor Charchir<\/span><\/li>\n<li><span style=\"font-family: arial, sans-serif;\">Francisco Honeker<\/span><\/li>\n<li><span style=\"font-family: arial, sans-serif;\">Francis Irungaray<\/span><\/li>\n<li><span style=\"font-family: arial, sans-serif;\">Gonzalo Albornoz<\/span><\/li>\n<li><span style=\"font-family: arial, sans-serif;\">Santiago Sotto<\/span><\/li>\n<li><span style=\"font-family: arial, sans-serif;\">Alexander Lazza<\/span><\/li>\n<li><span style=\"font-family: arial, sans-serif;\">Faustino Lampazzi<\/span><\/li>\n<li><span style=\"font-family: arial, sans-serif;\">Francisco Barcos<\/span><\/li>\n<li><span style=\"font-family: arial, sans-serif;\">Faustino Lampazzi<\/span><\/li>\n<li><span style=\"font-family: arial, sans-serif;\">Santiago Gonz\u00e1lez<\/span><\/li>\n<\/ul>\n<p><span style=\"font-family: arial, sans-serif;\">*Destacar que parte de este equipo se prepara para disputar el Torneo Interasociativo<\/span><\/p>\n<ul>\n<li><span style=\"font-family: arial, sans-serif;\">DT: Alejandro Burgos<\/span><\/li>\n<li><span style=\"font-family: arial, sans-serif;\">AT: Gonzalo Rodr\u00edguez Costosa<\/span><\/li>\n<li><span style=\"font-family: arial, sans-serif;\">AT 2: Fernanda Joannas<\/span><\/li>\n<li><span style=\"font-family: arial, sans-serif;\">PF: Juan Ignacio Quinodoz<\/span><\/li>\n<li><span style=\"font-family: arial, sans-serif;\">KN: Ruben Monta\u00f1ana<\/span><\/li>\n<li><span style=\"font-family: arial, sans-serif;\">Utilero: Pascual Pereyra<\/span><\/li>\n<\/ul>\n<\/div>\n","protected":false},"excerpt":{"rendered":"<p>Este pasado lunes el Club Regatas Uruguay de Concepci\u00f3n del Uruguay puso primera de cara a una nueva edici\u00f3n de La Liga Federal 2024. El conjunto Celeste realiz\u00f3 primero una reuni\u00f3n de presentaci\u00f3n entre los jugadores y el cuerpo t\u00e9cnico, y posteriormente comenzaron con los trabajos f\u00edsicos y en cancha. Esta Liga Federal cuenta con [&hellip;]<\/p>\n","protected":false},"author":1,"featured_media":16381,"comment_status":"closed","ping_status":"open","sticky":false,"template":"","format":"standard","meta":[],"categories":[16],"tags":[],"_links":{"self":[{"href":"http:\/\/entreriosbasquet.com\/site\/wp-json\/wp\/v2\/posts\/16380"}],"collection":[{"href":"http:\/\/entreriosbasquet.com\/site\/wp-json\/wp\/v2\/posts"}],"about":[{"href":"http:\/\/entreriosbasquet.com\/site\/wp-json\/wp\/v2\/types\/post"}],"author":[{"embeddable":true,"href":"http:\/\/entreriosbasquet.com\/site\/wp-json\/wp\/v2\/users\/1"}],"replies":[{"embeddable":true,"href":"http:\/\/entreriosbasquet.com\/site\/wp-json\/wp\/v2\/comments?post=16380"}],"version-history":[{"count":1,"href":"http:\/\/entreriosbasquet.com\/site\/wp-json\/wp\/v2\/posts\/16380\/revisions"}],"predecessor-version":[{"id":16382,"href":"http:\/\/entreriosbasquet.com\/site\/wp-json\/wp\/v2\/posts\/16380\/revisions\/16382"}],"wp:featuredmedia":[{"embeddable":true,"href":"http:\/\/entreriosbasquet.com\/site\/wp-json\/wp\/v2\/media\/16381"}],"wp:attachment":[{"href":"http:\/\/entreriosbasquet.com\/site\/wp-json\/wp\/v2\/media?parent=16380"}],"wp:term":[{"taxonomy":"category","embeddable":true,"href":"http:\/\/entreriosbasquet.com\/site\/wp-json\/wp\/v2\/categories?post=16380"},{"taxonomy":"post_tag","embeddable":true,"href":"http:\/\/entreriosbasquet.com\/site\/wp-json\/wp\/v2\/tags?post=16380"}],"curies":[{"name":"wp","href":"https:\/\/api.w.org\/{rel}","templated":true}]}}