{"id":16376,"date":"2024-01-16T14:24:42","date_gmt":"2024-01-16T17:24:42","guid":{"rendered":"https:\/\/entreriosbasquet.com\/site\/?p=16376"},"modified":"2024-01-16T14:24:42","modified_gmt":"2024-01-16T17:24:42","slug":"facundo-villegas-estara-en-los-juegos-olimpicos","status":"publish","type":"post","link":"http:\/\/entreriosbasquet.com\/site\/2024\/01\/16\/facundo-villegas-estara-en-los-juegos-olimpicos\/","title":{"rendered":"Facundo Villegas estar\u00e1 en los Juegos Ol\u00edmpicos"},"content":{"rendered":"<p style=\"text-align: justify;\">El jugador paranaense Facundo Villegas qued\u00f3 en la n\u00f3mina de la Selecci\u00f3n Argentina de B\u00e1squet de Atletas con S\u00edndrome de Down que participar\u00e1 en los pr\u00f3ximos TRISOME GAMES, Juegos Ol\u00edmpicos exclusivos que se realizar\u00e1n en el mes de marzo en Antalya, Turqu\u00eda.<\/p>\n<p style=\"text-align: justify;\">Facundo (29 a\u00f1os), que ser\u00e1 el \u00fanico representante entrerriano en el plantel, es uno de los jugadores que se inici\u00f3 en la disciplina en el comienzo de las Escuela Amigos del Club Talleres de Paran\u00e1 en 2015, coordinada por el entrenador Cristian Pata G\u00f3mez.<\/p>\n<p style=\"text-align: justify;\">Cabe recordar que \u201cFacu\u201d el a\u00f1o pasado se consagr\u00f3 con el representativo nacional en el Campeonato Internacional de las Am\u00e9ricas para Atletas con S\u00edndrome de Down, desarrollado en Buenos Aires.<\/p>\n<p style=\"text-align: justify;\">Durante la pasada semana el Seleccionado realiz\u00f3 una concentraci\u00f3n en R\u00edo Tercero, C\u00f3rdoba. Los entrenamientos se llevaron adelante en los clubes 9 de Julio y Sportivo Central Argentino. Adem\u00e1s los chicos jugaron un partido amistoso con jugadores de la categor\u00eda sub-13, que sirvi\u00f3 de preparaci\u00f3n para que el equipo nacional pueda desarrollar su juego en la cancha.<\/p>\n","protected":false},"excerpt":{"rendered":"<p>El jugador paranaense Facundo Villegas qued\u00f3 en la n\u00f3mina de la Selecci\u00f3n Argentina de B\u00e1squet de Atletas con S\u00edndrome de Down que participar\u00e1 en los pr\u00f3ximos TRISOME GAMES, Juegos Ol\u00edmpicos exclusivos que se realizar\u00e1n en el mes de marzo en Antalya, Turqu\u00eda. Facundo (29 a\u00f1os), que ser\u00e1 el \u00fanico representante entrerriano en el plantel, es [&hellip;]<\/p>\n","protected":false},"author":1,"featured_media":16377,"comment_status":"closed","ping_status":"open","sticky":false,"template":"","format":"standard","meta":[],"categories":[20],"tags":[],"_links":{"self":[{"href":"http:\/\/entreriosbasquet.com\/site\/wp-json\/wp\/v2\/posts\/16376"}],"collection":[{"href":"http:\/\/entreriosbasquet.com\/site\/wp-json\/wp\/v2\/posts"}],"about":[{"href":"http:\/\/entreriosbasquet.com\/site\/wp-json\/wp\/v2\/types\/post"}],"author":[{"embeddable":true,"href":"http:\/\/entreriosbasquet.com\/site\/wp-json\/wp\/v2\/users\/1"}],"replies":[{"embeddable":true,"href":"http:\/\/entreriosbasquet.com\/site\/wp-json\/wp\/v2\/comments?post=16376"}],"version-history":[{"count":1,"href":"http:\/\/entreriosbasquet.com\/site\/wp-json\/wp\/v2\/posts\/16376\/revisions"}],"predecessor-version":[{"id":16378,"href":"http:\/\/entreriosbasquet.com\/site\/wp-json\/wp\/v2\/posts\/16376\/revisions\/16378"}],"wp:featuredmedia":[{"embeddable":true,"href":"http:\/\/entreriosbasquet.com\/site\/wp-json\/wp\/v2\/media\/16377"}],"wp:attachment":[{"href":"http:\/\/entreriosbasquet.com\/site\/wp-json\/wp\/v2\/media?parent=16376"}],"wp:term":[{"taxonomy":"category","embeddable":true,"href":"http:\/\/entreriosbasquet.com\/site\/wp-json\/wp\/v2\/categories?post=16376"},{"taxonomy":"post_tag","embeddable":true,"href":"http:\/\/entreriosbasquet.com\/site\/wp-json\/wp\/v2\/tags?post=16376"}],"curies":[{"name":"wp","href":"https:\/\/api.w.org\/{rel}","templated":true}]}}