{"id":16373,"date":"2024-01-15T23:30:26","date_gmt":"2024-01-16T02:30:26","guid":{"rendered":"https:\/\/entreriosbasquet.com\/site\/?p=16373"},"modified":"2024-01-15T23:30:26","modified_gmt":"2024-01-16T02:30:26","slug":"liga-federal-union-de-crespo-en-plena-preparacion","status":"publish","type":"post","link":"http:\/\/entreriosbasquet.com\/site\/2024\/01\/15\/liga-federal-union-de-crespo-en-plena-preparacion\/","title":{"rendered":"Liga Federal: Uni\u00f3n de Crespo en plena preparaci\u00f3n"},"content":{"rendered":"<p style=\"text-align: justify;\">Con la confirmaci\u00f3n de la continuidad del entrenador Marco Percara, Uni\u00f3n de Crespo los entrenamientos comenzaron la segunda semana de enero de cara a lo que ser\u00e1 su hist\u00f3rica participaci\u00f3n en la Liga Federal Masculina 2024.<\/p>\n<p style=\"text-align: justify;\">El equipo mantendr\u00e1 la base del plantel que disput\u00f3 el certamen de la Regi\u00f3n Dos Orillas del Pre Federal: Manuel Robles, Juan Pablo Folmer, Francisco Folmer, Facundo Carulla, Alan Cardozo, Alan Hainze y Mart\u00edn Porrcheng seguir\u00e1n en el \u201cVerde\u201d.<\/p>\n<p style=\"text-align: justify;\">Adem\u00e1s llegaron dos refuerzos desde la Provincia de C\u00f3rdoba: Juan Manuel Copetti (escolta, 21 a\u00f1os) y Juli\u00e1n Rodr\u00edguez (base, 18 a\u00f1os). Durante la semana se estar\u00e1 definiendo la situaci\u00f3n de Rodrigo Gieco y el arribo de dos nuevas fichas para completar la plantilla.<\/p>\n<p style=\"text-align: justify;\">\u201cEstoy muy feliz, es un comienzo nuevo, muy diferente a lo dem\u00e1s porque se da en un lugar importante para el club. Creo que estamos escribiendo la p\u00e1gina m\u00e1s importante de la historia del b\u00e1squet de Crespo, jugando en un Federal, en un torneo nacional. As\u00ed que estamos con la expectativa de poder estar a la altura y trabajar para eso; ojal\u00e1 que podamos estar a la altura de todo\u201d, expres\u00f3 en DT Percara en declaraciones al Departamento de Prensa del CAUC.<\/p>\n<p style=\"text-align: justify;\">Respecto de la conformaci\u00f3n del plantel, indic\u00f3: \u201cTodav\u00eda faltan un par de jugadores llegar que se van a ir sumando a lo largo de estas dos semanas; as\u00ed que queda poco, creo que vamos a ir tomando forma. Va a haber muchos chicos que se tienen que adaptar tambi\u00e9n a la idea de trabajo, al equipo, a la ciudad\u201d.<\/p>\n<p style=\"text-align: justify;\">\u201cNo tengo duda que la gente va a acompa\u00f1ar porque es un hecho importante para el club y sobre todo tambi\u00e9n para la ciudad. As\u00ed que estoy seguro que la gente va a acompa\u00f1ar y como siempre venir a ver jugar a Uni\u00f3n a una cancha que es s\u00faper dif\u00edcil por lo que la gente representa, por la presi\u00f3n que ponen. Creo que va a ser un hecho hist\u00f3rico que lo vamos a disfrutar\u201d, cerr\u00f3<\/p>\n<p style=\"text-align: justify;\">En la Primera Fase el \u201cVerde\u201d ser\u00e1 parte del Grupo B de la Conferencia Litoral con Atl\u00e9tico Rosario del Tala, Ferro de San Salvador, Sportivo Pe\u00f1arol, Sionista, Gimnasia y Esgrima de Santa Fe y Sportivo San Salvador.<\/p>\n","protected":false},"excerpt":{"rendered":"<p>Con la confirmaci\u00f3n de la continuidad del entrenador Marco Percara, Uni\u00f3n de Crespo los entrenamientos comenzaron la segunda semana de enero de cara a lo que ser\u00e1 su hist\u00f3rica participaci\u00f3n en la Liga Federal Masculina 2024. El equipo mantendr\u00e1 la base del plantel que disput\u00f3 el certamen de la Regi\u00f3n Dos Orillas del Pre Federal: [&hellip;]<\/p>\n","protected":false},"author":1,"featured_media":16374,"comment_status":"closed","ping_status":"open","sticky":false,"template":"","format":"standard","meta":[],"categories":[16],"tags":[],"_links":{"self":[{"href":"http:\/\/entreriosbasquet.com\/site\/wp-json\/wp\/v2\/posts\/16373"}],"collection":[{"href":"http:\/\/entreriosbasquet.com\/site\/wp-json\/wp\/v2\/posts"}],"about":[{"href":"http:\/\/entreriosbasquet.com\/site\/wp-json\/wp\/v2\/types\/post"}],"author":[{"embeddable":true,"href":"http:\/\/entreriosbasquet.com\/site\/wp-json\/wp\/v2\/users\/1"}],"replies":[{"embeddable":true,"href":"http:\/\/entreriosbasquet.com\/site\/wp-json\/wp\/v2\/comments?post=16373"}],"version-history":[{"count":1,"href":"http:\/\/entreriosbasquet.com\/site\/wp-json\/wp\/v2\/posts\/16373\/revisions"}],"predecessor-version":[{"id":16375,"href":"http:\/\/entreriosbasquet.com\/site\/wp-json\/wp\/v2\/posts\/16373\/revisions\/16375"}],"wp:featuredmedia":[{"embeddable":true,"href":"http:\/\/entreriosbasquet.com\/site\/wp-json\/wp\/v2\/media\/16374"}],"wp:attachment":[{"href":"http:\/\/entreriosbasquet.com\/site\/wp-json\/wp\/v2\/media?parent=16373"}],"wp:term":[{"taxonomy":"category","embeddable":true,"href":"http:\/\/entreriosbasquet.com\/site\/wp-json\/wp\/v2\/categories?post=16373"},{"taxonomy":"post_tag","embeddable":true,"href":"http:\/\/entreriosbasquet.com\/site\/wp-json\/wp\/v2\/tags?post=16373"}],"curies":[{"name":"wp","href":"https:\/\/api.w.org\/{rel}","templated":true}]}}