{"id":16368,"date":"2024-01-14T09:40:06","date_gmt":"2024-01-14T12:40:06","guid":{"rendered":"https:\/\/entreriosbasquet.com\/site\/?p=16368"},"modified":"2024-01-14T09:40:06","modified_gmt":"2024-01-14T12:40:06","slug":"rene-richard-renovo-como-dt-de-parque-sur","status":"publish","type":"post","link":"http:\/\/entreriosbasquet.com\/site\/2024\/01\/14\/rene-richard-renovo-como-dt-de-parque-sur\/","title":{"rendered":"Ren\u00e9 Richard renov\u00f3 como DT de Parque Sur"},"content":{"rendered":"<p style=\"text-align: justify;\">El entrenador m\u00e1s exitoso del b\u00e1squetbol de Parque Sur, Ren\u00e9 Richard, seguir\u00e1 en la instituci\u00f3n durante la Liga Federal que se iniciar\u00e1 en la segunda quincena del mes de febrero.<\/p>\n<p style=\"text-align: justify;\">En las \u00faltimas horas del viernes Richard arregl\u00f3 la continuidad con los dirigentes, algo que los ten\u00eda preocupado, ya que lo quieren tener al frente del equipo para tratar de recuperar el puesto perdido en la Liga Argentina de B\u00e1squetbol. Adem\u00e1s continuar\u00e1 el mismo cuerpo t\u00e9cnico. Ayrton Ib\u00e1\u00f1ez como asistente principal, y Andr\u00e9s Mart\u00edn Pinilla como preparador f\u00edsico.<\/p>\n<p style=\"text-align: justify;\">Si bien no fue confirmado oficialmente, Parque Sur comenzar\u00e1 a entrenar con el plantel esta semana;\u2008entre martes y mi\u00e9rcoles. Del equipo que logr\u00f3 el ascenso al Federal quedar\u00e1n Mat\u00edas Novello, Elnes Bolling, Thomas Arrebillaga y Federico Torres.<\/p>\n<p style=\"text-align: justify;\">Hasta el momento han contratado a Manuel Lado (ex Neptunia), Jerem\u00edas Dreiling (ex Central Entrerriano) e Ignacio Zapata, quien proviene de Ober\u00e1 Tenis Club.<\/p>\n<p style=\"text-align: justify;\">La intensi\u00f3n de los dirigentes y cuerpo t\u00e9cnico es contratar uno o dos refuerzos m\u00e1s, para definir el plantel y encarar la Liga Federal desde el 17 de febrero.<\/p>\n","protected":false},"excerpt":{"rendered":"<p>El entrenador m\u00e1s exitoso del b\u00e1squetbol de Parque Sur, Ren\u00e9 Richard, seguir\u00e1 en la instituci\u00f3n durante la Liga Federal que se iniciar\u00e1 en la segunda quincena del mes de febrero. En las \u00faltimas horas del viernes Richard arregl\u00f3 la continuidad con los dirigentes, algo que los ten\u00eda preocupado, ya que lo quieren tener al frente [&hellip;]<\/p>\n","protected":false},"author":1,"featured_media":16369,"comment_status":"closed","ping_status":"open","sticky":false,"template":"","format":"standard","meta":[],"categories":[11],"tags":[],"_links":{"self":[{"href":"http:\/\/entreriosbasquet.com\/site\/wp-json\/wp\/v2\/posts\/16368"}],"collection":[{"href":"http:\/\/entreriosbasquet.com\/site\/wp-json\/wp\/v2\/posts"}],"about":[{"href":"http:\/\/entreriosbasquet.com\/site\/wp-json\/wp\/v2\/types\/post"}],"author":[{"embeddable":true,"href":"http:\/\/entreriosbasquet.com\/site\/wp-json\/wp\/v2\/users\/1"}],"replies":[{"embeddable":true,"href":"http:\/\/entreriosbasquet.com\/site\/wp-json\/wp\/v2\/comments?post=16368"}],"version-history":[{"count":1,"href":"http:\/\/entreriosbasquet.com\/site\/wp-json\/wp\/v2\/posts\/16368\/revisions"}],"predecessor-version":[{"id":16370,"href":"http:\/\/entreriosbasquet.com\/site\/wp-json\/wp\/v2\/posts\/16368\/revisions\/16370"}],"wp:featuredmedia":[{"embeddable":true,"href":"http:\/\/entreriosbasquet.com\/site\/wp-json\/wp\/v2\/media\/16369"}],"wp:attachment":[{"href":"http:\/\/entreriosbasquet.com\/site\/wp-json\/wp\/v2\/media?parent=16368"}],"wp:term":[{"taxonomy":"category","embeddable":true,"href":"http:\/\/entreriosbasquet.com\/site\/wp-json\/wp\/v2\/categories?post=16368"},{"taxonomy":"post_tag","embeddable":true,"href":"http:\/\/entreriosbasquet.com\/site\/wp-json\/wp\/v2\/tags?post=16368"}],"curies":[{"name":"wp","href":"https:\/\/api.w.org\/{rel}","templated":true}]}}