{"id":16353,"date":"2024-01-12T14:43:57","date_gmt":"2024-01-12T17:43:57","guid":{"rendered":"http:\/\/entreriosbasquet.com\/site\/?p=16353"},"modified":"2024-01-12T14:43:57","modified_gmt":"2024-01-12T17:43:57","slug":"camila-suarez-deportista-del-ano-2023-en-c-del-uruguay","status":"publish","type":"post","link":"http:\/\/entreriosbasquet.com\/site\/2024\/01\/12\/camila-suarez-deportista-del-ano-2023-en-c-del-uruguay\/","title":{"rendered":"Camila Su\u00e1rez, Deportista del A\u00f1o 2023 en C. del Uruguay"},"content":{"rendered":"<p style=\"text-align: justify;\">La jugadora de b\u00e1squetbol uruguayense, ex Rocamora y actualmente figura de Obras e integrante de la Selecci\u00f3n Argentina, fue elegida la nueva Deportista del A\u00f1o en la Fiesta del Deporte que se realiz\u00f3 anoche en Plaza Ram\u00edrez. Florencia Losada fue elegida la Revelaci\u00f3n. Ninguna pudo estar presente.<\/p>\n<p style=\"text-align: justify;\">Durante la noche de este jueves, se premi\u00f3 a los atletas locales que dejaron en alto el nombre de Concepci\u00f3n del Uruguay a nivel regional, nacional e internacional, siendo la basquetbolista Camila Su\u00e1rez la Deportista Destacada del A\u00f1o. Adem\u00e1s se realizaron numerosas menciones especiales para clubes, deportistas y periodistas relacionados al \u00e1mbito.<\/p>\n<p style=\"text-align: justify;\">La ceremonia se llev\u00f3 a cabo en la Plaza Ram\u00edrez, ante un gran marco de p\u00fablico presente en el lugar. La Deportista del A\u00f1o fue Camila Su\u00e1rez, que se destaca en Obras Sanitarias y fue figura clave en la obtenci\u00f3n del hist\u00f3rico bronce de la Selecci\u00f3n Argentina en los Juegos Panamericanos de Chile 2023.<\/p>\n<p style=\"text-align: justify;\">Tambi\u00e9n, Florencia Losada fue reconocida como la Revelaci\u00f3n del a\u00f1o, tras conseguir el Campeonato Argentino Femenino U13 de B\u00e1squet con la Selecci\u00f3n de Entre R\u00edos.<\/p>\n<p style=\"text-align: justify;\">All\u00ed, el intendente de la ciudad, Jos\u00e9 Eduardo Lauritto, aprovech\u00f3 la ocasi\u00f3n para destacar la presencia de quienes se acercaron al lugar y participaron del evento: \u201cA los dirigentes de clubes, entrenadores, deportistas y p\u00fablico presente, muchas gracias. Buscamos agradecer a aquellos que han logrado sobresalir en sus respectivas disciplinas\u201d.<\/p>\n<p style=\"text-align: justify;\">Y agreg\u00f3: \u201cHace 50 a\u00f1os, aqu\u00ed a una cuadra, en Eva Per\u00f3n y Rocamora, el diario La Calle, que la semana pasada cumpli\u00f3 80 a\u00f1os, organiz\u00f3 la primera Fiesta del Deporte para Concepci\u00f3n del Uruguay. Pero hace 20 a\u00f1os elegimos este lugar para continuar con este evento tan importante, y lo hicieron los intendentes Bisogni, Schepens y Oliva en sus respectivas gestiones\u201d.<\/p>\n","protected":false},"excerpt":{"rendered":"<p>La jugadora de b\u00e1squetbol uruguayense, ex Rocamora y actualmente figura de Obras e integrante de la Selecci\u00f3n Argentina, fue elegida la nueva Deportista del A\u00f1o en la Fiesta del Deporte que se realiz\u00f3 anoche en Plaza Ram\u00edrez. Florencia Losada fue elegida la Revelaci\u00f3n. Ninguna pudo estar presente. Durante la noche de este jueves, se premi\u00f3 [&hellip;]<\/p>\n","protected":false},"author":1,"featured_media":16354,"comment_status":"closed","ping_status":"open","sticky":false,"template":"","format":"standard","meta":[],"categories":[20],"tags":[],"_links":{"self":[{"href":"http:\/\/entreriosbasquet.com\/site\/wp-json\/wp\/v2\/posts\/16353"}],"collection":[{"href":"http:\/\/entreriosbasquet.com\/site\/wp-json\/wp\/v2\/posts"}],"about":[{"href":"http:\/\/entreriosbasquet.com\/site\/wp-json\/wp\/v2\/types\/post"}],"author":[{"embeddable":true,"href":"http:\/\/entreriosbasquet.com\/site\/wp-json\/wp\/v2\/users\/1"}],"replies":[{"embeddable":true,"href":"http:\/\/entreriosbasquet.com\/site\/wp-json\/wp\/v2\/comments?post=16353"}],"version-history":[{"count":1,"href":"http:\/\/entreriosbasquet.com\/site\/wp-json\/wp\/v2\/posts\/16353\/revisions"}],"predecessor-version":[{"id":16355,"href":"http:\/\/entreriosbasquet.com\/site\/wp-json\/wp\/v2\/posts\/16353\/revisions\/16355"}],"wp:featuredmedia":[{"embeddable":true,"href":"http:\/\/entreriosbasquet.com\/site\/wp-json\/wp\/v2\/media\/16354"}],"wp:attachment":[{"href":"http:\/\/entreriosbasquet.com\/site\/wp-json\/wp\/v2\/media?parent=16353"}],"wp:term":[{"taxonomy":"category","embeddable":true,"href":"http:\/\/entreriosbasquet.com\/site\/wp-json\/wp\/v2\/categories?post=16353"},{"taxonomy":"post_tag","embeddable":true,"href":"http:\/\/entreriosbasquet.com\/site\/wp-json\/wp\/v2\/tags?post=16353"}],"curies":[{"name":"wp","href":"https:\/\/api.w.org\/{rel}","templated":true}]}}