{"id":16350,"date":"2024-01-11T11:01:51","date_gmt":"2024-01-11T14:01:51","guid":{"rendered":"http:\/\/entreriosbasquet.com\/site\/?p=16350"},"modified":"2024-01-11T11:01:51","modified_gmt":"2024-01-11T14:01:51","slug":"sportivo-mantiene-la-base-para-la-liga-federal","status":"publish","type":"post","link":"http:\/\/entreriosbasquet.com\/site\/2024\/01\/11\/sportivo-mantiene-la-base-para-la-liga-federal\/","title":{"rendered":"Sportivo mantiene la base para la Liga Federal"},"content":{"rendered":"<p style=\"text-align: justify;\">Sportivo San Salvador volver\u00e1 a presentarse a nivel nacional tras su clasificaci\u00f3n para la Liga Federal 2024. El conjunto \u201cceleste\u201d seguir\u00e1 siendo dirigido por el concordiense Juan Ignacio Conti, quien condujo al equipo al tercer puesto de la Conferencia 1 en el \u00faltimo Pre Federal de la FBER.<\/p>\n<p style=\"text-align: justify;\">Los seis jugadores que tienen confirmada su continuidad son Alejandro Madera (14.8 puntos y 8 rebotes), Facundo Ort\u00edz (11.7 pts y 2.5 asistencias), Gonzalo Pryszczuk (14 pts y 6.3 reb), Lucas Nieto (8.5 y 5.5), Santino Lanzi y Franco Arroniz.<\/p>\n<p style=\"text-align: justify;\">En cuanto a los refuerzos, el concordiense Mart\u00edn Fagalde se unir\u00e1 a las filas de SSS tras su paso por Central Entrerriano de Gualeguaych\u00fa. En la \u00faltima temporada promedi\u00f3 7.8 tantos, 4.6 rebotes y 2.3 asistencias en 21 partidos en la Conferencia 1 del Pre Federal.<\/p>\n<p style=\"text-align: justify;\">Por otra parte, se sell\u00f3 la llegada del rosarino Federico Pizzonia, proveniente del Club Comandante Espora de Punta Alta. En tanto, podr\u00edan concretarse los arribos de los concordienses Eric Bachman (Estudiantes) y Franco Garc\u00eda Lasco (C. Entrerriano).<\/p>\n","protected":false},"excerpt":{"rendered":"<p>Sportivo San Salvador volver\u00e1 a presentarse a nivel nacional tras su clasificaci\u00f3n para la Liga Federal 2024. El conjunto \u201cceleste\u201d seguir\u00e1 siendo dirigido por el concordiense Juan Ignacio Conti, quien condujo al equipo al tercer puesto de la Conferencia 1 en el \u00faltimo Pre Federal de la FBER. Los seis jugadores que tienen confirmada su [&hellip;]<\/p>\n","protected":false},"author":1,"featured_media":16351,"comment_status":"closed","ping_status":"open","sticky":false,"template":"","format":"standard","meta":[],"categories":[16],"tags":[],"_links":{"self":[{"href":"http:\/\/entreriosbasquet.com\/site\/wp-json\/wp\/v2\/posts\/16350"}],"collection":[{"href":"http:\/\/entreriosbasquet.com\/site\/wp-json\/wp\/v2\/posts"}],"about":[{"href":"http:\/\/entreriosbasquet.com\/site\/wp-json\/wp\/v2\/types\/post"}],"author":[{"embeddable":true,"href":"http:\/\/entreriosbasquet.com\/site\/wp-json\/wp\/v2\/users\/1"}],"replies":[{"embeddable":true,"href":"http:\/\/entreriosbasquet.com\/site\/wp-json\/wp\/v2\/comments?post=16350"}],"version-history":[{"count":1,"href":"http:\/\/entreriosbasquet.com\/site\/wp-json\/wp\/v2\/posts\/16350\/revisions"}],"predecessor-version":[{"id":16352,"href":"http:\/\/entreriosbasquet.com\/site\/wp-json\/wp\/v2\/posts\/16350\/revisions\/16352"}],"wp:featuredmedia":[{"embeddable":true,"href":"http:\/\/entreriosbasquet.com\/site\/wp-json\/wp\/v2\/media\/16351"}],"wp:attachment":[{"href":"http:\/\/entreriosbasquet.com\/site\/wp-json\/wp\/v2\/media?parent=16350"}],"wp:term":[{"taxonomy":"category","embeddable":true,"href":"http:\/\/entreriosbasquet.com\/site\/wp-json\/wp\/v2\/categories?post=16350"},{"taxonomy":"post_tag","embeddable":true,"href":"http:\/\/entreriosbasquet.com\/site\/wp-json\/wp\/v2\/tags?post=16350"}],"curies":[{"name":"wp","href":"https:\/\/api.w.org\/{rel}","templated":true}]}}