{"id":16343,"date":"2024-01-10T15:28:27","date_gmt":"2024-01-10T18:28:27","guid":{"rendered":"http:\/\/entreriosbasquet.com\/site\/?p=16343"},"modified":"2024-01-10T15:28:27","modified_gmt":"2024-01-10T18:28:27","slug":"central-y-racing-van-confirmando-nombres","status":"publish","type":"post","link":"http:\/\/entreriosbasquet.com\/site\/2024\/01\/10\/central-y-racing-van-confirmando-nombres\/","title":{"rendered":"Central y Racing van confirmando nombres"},"content":{"rendered":"<p style=\"text-align: justify;\">La temporada de la Liga Federal comenzar\u00e1 el 17 de febrero, de acuerdo a lo informado por la Confederaci\u00f3n Argentina de B\u00e1squet y los diez equipos que clasificaron en el Prefederal de la Federaci\u00f3n Entrerriana ya comenzaron a armar sus equipos y a confirmar sus entrenadores.<\/p>\n<p style=\"text-align: justify;\">Central Entrerriano es uno de los equipos que m\u00e1s se ha movido en el mercado de pases, luego de haber confirmado al entrenador Mart\u00edn Pascal en reemplazo de Mariano Panizza. En cuanto a renovaciones, el Rojinegro volver\u00e1 a contar con los servicios de los bases Nicol\u00e1s Nieto, que pasa a ocupar ficha mayor y Cristian P\u00e9rez, que ser\u00e1 uno de los fichajes U23, al igual que el escolta Alejo Zielinsky, que tambi\u00e9n continuar\u00e1 vistiendo la casaca Rojinegra.<\/p>\n<p style=\"text-align: justify;\">En cuanto a incorporaciones, el escolta Leandro Quarroz, de 27 a\u00f1os y 1,89 llega proveniente de La Armon\u00eda de Col\u00f3n y el \u00faltimo fichaje de Central es el ala pivot Mauricio Pane, oriundo de Olavarr\u00eda y con paso por Centro Bancario de Gualeguay y Pe\u00f1arol de Tala en el \u00faltimo Prefederal. Pane mide 1.95 y ser\u00e1 otra de las fichas mayores que contar\u00e1 el Rojinegro para la temporada.<\/p>\n<p style=\"text-align: justify;\">En cuanto a las posiciones en el juego interior, el formose\u00f1o Carlos Ben\u00edtez Gavil\u00e1n tendr\u00eda todo acordado para su regreso a Central, mientras que tambi\u00e9n se dar\u00eda la continuidad de Francisco Di Meo, mientras que se confirm\u00f3 la salida de Jerem\u00edas Dreiling, que se sum\u00f3 a las filas de Parque Sur, campe\u00f3n del Prefederal.<\/p>\n<p style=\"text-align: justify;\">\n<p style=\"text-align: justify;\"><strong>Bernardi, DT de Racing<\/strong><\/p>\n<p style=\"text-align: justify;\">El galvense Diego Bernardi ser\u00e1 el pr\u00f3ximo entrenador de Racing, luego de haber sido el asistente de Diego Lifchitz en las \u00faltimas temporadas y estuvo al frente de las divisiones formativas de Racing.<\/p>\n<p style=\"text-align: justify;\">En las \u00faltimas jornadas, \u201cLa Academia\u201d confirm\u00f3 la continuidad del base Mauro Gauna, el alero Gian Franco Nicobra y el ala p\u00edvot Carlos Balmaceda, adem\u00e1s de los U21 Manuel Torrilla, Ian Munilla y el juvenil Mateo Handera.<\/p>\n<p style=\"text-align: justify;\">Del mismo modo, se inform\u00f3 el regreso del escolta Santiago Garbocci y el base Santino Luca. Resta confirmar una ficha mayor y una ficha U23.<\/p>\n<p>&nbsp;<\/p>\n<p>Por <strong>Daniel Serorena (dserorena@eldiaonline.com)<\/strong><\/p>\n","protected":false},"excerpt":{"rendered":"<p>La temporada de la Liga Federal comenzar\u00e1 el 17 de febrero, de acuerdo a lo informado por la Confederaci\u00f3n Argentina de B\u00e1squet y los diez equipos que clasificaron en el Prefederal de la Federaci\u00f3n Entrerriana ya comenzaron a armar sus equipos y a confirmar sus entrenadores. Central Entrerriano es uno de los equipos que m\u00e1s [&hellip;]<\/p>\n","protected":false},"author":1,"featured_media":16344,"comment_status":"closed","ping_status":"open","sticky":false,"template":"","format":"standard","meta":[],"categories":[16],"tags":[],"_links":{"self":[{"href":"http:\/\/entreriosbasquet.com\/site\/wp-json\/wp\/v2\/posts\/16343"}],"collection":[{"href":"http:\/\/entreriosbasquet.com\/site\/wp-json\/wp\/v2\/posts"}],"about":[{"href":"http:\/\/entreriosbasquet.com\/site\/wp-json\/wp\/v2\/types\/post"}],"author":[{"embeddable":true,"href":"http:\/\/entreriosbasquet.com\/site\/wp-json\/wp\/v2\/users\/1"}],"replies":[{"embeddable":true,"href":"http:\/\/entreriosbasquet.com\/site\/wp-json\/wp\/v2\/comments?post=16343"}],"version-history":[{"count":1,"href":"http:\/\/entreriosbasquet.com\/site\/wp-json\/wp\/v2\/posts\/16343\/revisions"}],"predecessor-version":[{"id":16345,"href":"http:\/\/entreriosbasquet.com\/site\/wp-json\/wp\/v2\/posts\/16343\/revisions\/16345"}],"wp:featuredmedia":[{"embeddable":true,"href":"http:\/\/entreriosbasquet.com\/site\/wp-json\/wp\/v2\/media\/16344"}],"wp:attachment":[{"href":"http:\/\/entreriosbasquet.com\/site\/wp-json\/wp\/v2\/media?parent=16343"}],"wp:term":[{"taxonomy":"category","embeddable":true,"href":"http:\/\/entreriosbasquet.com\/site\/wp-json\/wp\/v2\/categories?post=16343"},{"taxonomy":"post_tag","embeddable":true,"href":"http:\/\/entreriosbasquet.com\/site\/wp-json\/wp\/v2\/tags?post=16343"}],"curies":[{"name":"wp","href":"https:\/\/api.w.org\/{rel}","templated":true}]}}