{"id":16332,"date":"2024-01-09T07:56:58","date_gmt":"2024-01-09T10:56:58","guid":{"rendered":"http:\/\/entreriosbasquet.com\/site\/?p=16332"},"modified":"2024-01-09T10:59:30","modified_gmt":"2024-01-09T13:59:30","slug":"rocamora-incorporo-al-juvenil-emanuel-denis","status":"publish","type":"post","link":"http:\/\/entreriosbasquet.com\/site\/2024\/01\/09\/rocamora-incorporo-al-juvenil-emanuel-denis\/","title":{"rendered":"Rocamora incorpor\u00f3 al juvenil Emanuel Denis"},"content":{"rendered":"<p style=\"text-align: justify;\">Tras haber comenzado los entrenamientos junto al plantel que prepara el regreso en la Liga Argentina de B\u00e1squetbol, Tom\u00e1s de Rocamora sum\u00f3 al U19 Emanuel Denis para ser otro de sus Juveniles y acompa\u00f1arlo en el proceso de formaci\u00f3n. Se trata de un Perimetral que viene de jugar en Social y Deportivo San Jos\u00e9 durante el \u00faltimo Torneo Pre Federal.<\/p>\n<p style=\"text-align: justify;\">Emanuel Denis, de 18 a\u00f1os, estuvo a prueba desde que Rocamora retom\u00f3 los entrenamientos el pasado mi\u00e9rcoles. Se agrega para el proceso y proyecto de formaci\u00f3n del club y desarrollarse. Es un perimetral que puede jugar tanto de alero como escolta.<\/p>\n<p style=\"text-align: justify;\">\u201cEsta posibilidad surgi\u00f3 ya a mitad del a\u00f1o pasado cuando el club se interes\u00f3 creo que por verme en los partidos en los que nos enfrentamos en Formativas. Yo estaba jugando el Pre Federal San Jos\u00e9, ahora que termin\u00f3 y no clasificamos escuch\u00e9 la oferta y decid\u00ed sumarme\u201d, coment\u00f3 el jugador.<\/p>\n<p style=\"text-align: justify;\">Tambi\u00e9n dijo que \u201cconozco a Rocamora de todos los a\u00f1os que venimos jugando en contra y espero sumarme con el profesionalismo que corresponde\u201d.<\/p>\n<p style=\"text-align: justify;\">Denis realiz\u00f3 toda su carrera como jugador en Social y Deportivo San Jos\u00e9 y respecto de lo que conversado con el entrenador Agust\u00edn Pujol, quien adem\u00e1s de dirigir Liga Argentina y Formativas es Coordinador, coment\u00f3: \u201cYo ven\u00eda de una lesi\u00f3n as\u00ed que me habl\u00f3 del rol que iba a tener, me cont\u00f3 de su inter\u00e9s para sumarse al proyecto, le habl\u00e9 del m\u00edo y se termin\u00f3 dando\u201d.<\/p>\n","protected":false},"excerpt":{"rendered":"<p>Tras haber comenzado los entrenamientos junto al plantel que prepara el regreso en la Liga Argentina de B\u00e1squetbol, Tom\u00e1s de Rocamora sum\u00f3 al U19 Emanuel Denis para ser otro de sus Juveniles y acompa\u00f1arlo en el proceso de formaci\u00f3n. Se trata de un Perimetral que viene de jugar en Social y Deportivo San Jos\u00e9 durante [&hellip;]<\/p>\n","protected":false},"author":1,"featured_media":16333,"comment_status":"closed","ping_status":"open","sticky":false,"template":"","format":"standard","meta":[],"categories":[11],"tags":[],"_links":{"self":[{"href":"http:\/\/entreriosbasquet.com\/site\/wp-json\/wp\/v2\/posts\/16332"}],"collection":[{"href":"http:\/\/entreriosbasquet.com\/site\/wp-json\/wp\/v2\/posts"}],"about":[{"href":"http:\/\/entreriosbasquet.com\/site\/wp-json\/wp\/v2\/types\/post"}],"author":[{"embeddable":true,"href":"http:\/\/entreriosbasquet.com\/site\/wp-json\/wp\/v2\/users\/1"}],"replies":[{"embeddable":true,"href":"http:\/\/entreriosbasquet.com\/site\/wp-json\/wp\/v2\/comments?post=16332"}],"version-history":[{"count":1,"href":"http:\/\/entreriosbasquet.com\/site\/wp-json\/wp\/v2\/posts\/16332\/revisions"}],"predecessor-version":[{"id":16334,"href":"http:\/\/entreriosbasquet.com\/site\/wp-json\/wp\/v2\/posts\/16332\/revisions\/16334"}],"wp:featuredmedia":[{"embeddable":true,"href":"http:\/\/entreriosbasquet.com\/site\/wp-json\/wp\/v2\/media\/16333"}],"wp:attachment":[{"href":"http:\/\/entreriosbasquet.com\/site\/wp-json\/wp\/v2\/media?parent=16332"}],"wp:term":[{"taxonomy":"category","embeddable":true,"href":"http:\/\/entreriosbasquet.com\/site\/wp-json\/wp\/v2\/categories?post=16332"},{"taxonomy":"post_tag","embeddable":true,"href":"http:\/\/entreriosbasquet.com\/site\/wp-json\/wp\/v2\/tags?post=16332"}],"curies":[{"name":"wp","href":"https:\/\/api.w.org\/{rel}","templated":true}]}}