{"id":15931,"date":"2023-09-03T09:17:13","date_gmt":"2023-09-03T12:17:13","guid":{"rendered":"http:\/\/entreriosbasquet.com\/site\/?p=15931"},"modified":"2023-09-05T09:20:53","modified_gmt":"2023-09-05T12:20:53","slug":"homenaje-al-ex-presidente-de-la-fber-carlos-alvarez","status":"publish","type":"post","link":"http:\/\/entreriosbasquet.com\/site\/2023\/09\/03\/homenaje-al-ex-presidente-de-la-fber-carlos-alvarez\/","title":{"rendered":"Homenaje al ex presidente de la FBER Carlos \u00c1lvarez"},"content":{"rendered":"<div class=\"xdj266r x11i5rnm xat24cr x1mh8g0r x1vvkbs x126k92a\">\n<div dir=\"auto\">En el partido inaugural de la Conferencia 1 del Torneo Pre Federal Masculino \u201cIng. Carlos \u00c1lvarez\u201d entre Ferrocarril de Concordia y Atl\u00e9tico Rosario del Tala, organizado por la Federaci\u00f3n de B\u00e1squet de Entre R\u00edos (FBER), se llev\u00f3 adelante un homenaje al ex presidente de la FBER Carlos \u00c1lvarez, quien estuviera en el cargo por 23 a\u00f1os.<\/div>\n<div dir=\"auto\"><\/div>\n<div dir=\"auto\">En el acto realizado en el gimnasio \u201cJuan de Dios Obreg\u00f3n\u201d estuvieron presentes el presidente de la Federaci\u00f3n, Julio Gim\u00e9nez; el vicepresidente primero, Alejandro Ag\u00fcero; y el protesorero Eduardo Francisconi.<\/div>\n<div dir=\"auto\"><\/div>\n<div dir=\"auto\">En ese marco, el \u201cFlaco\u201d recibi\u00f3 una distinci\u00f3n de parte de los dirigentes federativos y realiz\u00f3 el lanzamiento inicial del encuentro.<\/div>\n<div dir=\"auto\"><\/div>\n<div dir=\"auto\">El presidente de la Federaci\u00f3n destac\u00f3 \u201ces un orgullo que la Liga Pre Federal lleve el nombre de Carlos \u00c1lvarez, un dirigente que supo posicionar al b\u00e1squetbol de Entre R\u00edos\u201d. \u201cNo le quepan dudas de que en el d\u00eda de ma\u00f1ana se va a hablar de la FBER de un antes y un despu\u00e9s de Carlos \u00c1lvarez. Muchas gracias a \u00e9l y merecedor de este reconocimiento por todo lo que ha dado a nuestro b\u00e1squetbol\u201d.<\/div>\n<div dir=\"auto\"><\/div>\n<div dir=\"auto\">Mientras que el Ingeniero Carlos \u00c1lvarez manifest\u00f3 que \u201cGracias a la Federaci\u00f3n por este homenaje. Han sido 23 a\u00f1os de presidente de esta organizaci\u00f3n. Me llevo muchos de recuerdos. Estos a\u00f1os han ocurrido infinidades de cosas en nuestro pa\u00eds, en nuestra provincia, en nuestro deportes y en la FBER. Cosas que hubo que ponerle el pecho y la mayor inteligencia para salir adelante\u201d.<\/div>\n<div dir=\"auto\"><\/div>\n<div dir=\"auto\">M\u00e1s adelante expres\u00f3 \u201cseguramente muchos me recordar\u00e1n por mis errores y otros por mis virtudes, pero de cualquier manera, para bien o para mal, dentro del \u00e1mbito del b\u00e1squetbol entrerriano me recordar\u00e1n por alg\u00fan tiempo\u201d.<\/div>\n<div dir=\"auto\"><\/div>\n<div dir=\"auto\">Por \u00faltimo afirm\u00f3 \u201cmuchas gracias a toda la gente que est\u00e1 involuncrada dentro del b\u00e1squetbol. Jugadores, entrenadores, asistentes, dirigentes. Dirigentes es una palabra que por ah\u00ed no suena demasiada bien en esta \u00e9poca, pero sepan todos Uds. que sin ellos no hay actividad.<\/div>\n<\/div>\n","protected":false},"excerpt":{"rendered":"<p>En el partido inaugural de la Conferencia 1 del Torneo Pre Federal Masculino \u201cIng. Carlos \u00c1lvarez\u201d entre Ferrocarril de Concordia y Atl\u00e9tico Rosario del Tala, organizado por la Federaci\u00f3n de B\u00e1squet de Entre R\u00edos (FBER), se llev\u00f3 adelante un homenaje al ex presidente de la FBER Carlos \u00c1lvarez, quien estuviera en el cargo por 23 [&hellip;]<\/p>\n","protected":false},"author":1,"featured_media":15932,"comment_status":"closed","ping_status":"open","sticky":false,"template":"","format":"standard","meta":[],"categories":[20],"tags":[],"_links":{"self":[{"href":"http:\/\/entreriosbasquet.com\/site\/wp-json\/wp\/v2\/posts\/15931"}],"collection":[{"href":"http:\/\/entreriosbasquet.com\/site\/wp-json\/wp\/v2\/posts"}],"about":[{"href":"http:\/\/entreriosbasquet.com\/site\/wp-json\/wp\/v2\/types\/post"}],"author":[{"embeddable":true,"href":"http:\/\/entreriosbasquet.com\/site\/wp-json\/wp\/v2\/users\/1"}],"replies":[{"embeddable":true,"href":"http:\/\/entreriosbasquet.com\/site\/wp-json\/wp\/v2\/comments?post=15931"}],"version-history":[{"count":1,"href":"http:\/\/entreriosbasquet.com\/site\/wp-json\/wp\/v2\/posts\/15931\/revisions"}],"predecessor-version":[{"id":15933,"href":"http:\/\/entreriosbasquet.com\/site\/wp-json\/wp\/v2\/posts\/15931\/revisions\/15933"}],"wp:featuredmedia":[{"embeddable":true,"href":"http:\/\/entreriosbasquet.com\/site\/wp-json\/wp\/v2\/media\/15932"}],"wp:attachment":[{"href":"http:\/\/entreriosbasquet.com\/site\/wp-json\/wp\/v2\/media?parent=15931"}],"wp:term":[{"taxonomy":"category","embeddable":true,"href":"http:\/\/entreriosbasquet.com\/site\/wp-json\/wp\/v2\/categories?post=15931"},{"taxonomy":"post_tag","embeddable":true,"href":"http:\/\/entreriosbasquet.com\/site\/wp-json\/wp\/v2\/tags?post=15931"}],"curies":[{"name":"wp","href":"https:\/\/api.w.org\/{rel}","templated":true}]}}