{"id":1589,"date":"2017-07-29T18:04:30","date_gmt":"2017-07-29T21:04:30","guid":{"rendered":"http:\/\/entreriosbasquet.com\/site\/?p=1589"},"modified":"2017-07-29T18:22:53","modified_gmt":"2017-07-29T21:22:53","slug":"mario-rodriguez-sera-el-dt-de-luis-luciano","status":"publish","type":"post","link":"http:\/\/entreriosbasquet.com\/site\/2017\/07\/29\/mario-rodriguez-sera-el-dt-de-luis-luciano\/","title":{"rendered":"Mario Rodr\u00edguez ser\u00e1 el DT de Luis Luciano"},"content":{"rendered":"<p style=\"text-align: justify;\">El jueves pasado se conoci\u00f3 la noticia que Carlos Scola renunciaba a la direcci\u00f3n t\u00e9cnica y coordinaci\u00f3n del b\u00e1squet en el Club Luciano de Urdinarrain por problemas personales. R\u00e1pidamente la dirigencia del \u201cceleste\u201d se puso a trabajar para buscar y cerrar un DT, para que se haga cargo de la actividad en el club.<\/p>\n<p style=\"text-align: justify;\">En las \u00faltimas horas se confirm\u00f3 desde la dirigencia del Club L. Luciano que Mario Rodr\u00edguez (ex t\u00e9cnico de Neptunia entre otros) se har\u00e1 cargo del plantel de primera masculino para esta temporada de la Liga Provincial y de la coordinaci\u00f3n del b\u00e1squet en la entidad de calle Podest\u00e1.<\/p>\n","protected":false},"excerpt":{"rendered":"<p>El jueves pasado se conoci\u00f3 la noticia que Carlos Scola renunciaba a la direcci\u00f3n t\u00e9cnica y coordinaci\u00f3n del b\u00e1squet en el Club Luciano de Urdinarrain por problemas personales. R\u00e1pidamente la dirigencia del \u201cceleste\u201d se puso a trabajar para buscar y cerrar un DT, para que se haga cargo de la actividad en el club. En [&hellip;]<\/p>\n","protected":false},"author":5,"featured_media":1590,"comment_status":"closed","ping_status":"open","sticky":false,"template":"","format":"standard","meta":[],"categories":[17],"tags":[37,189,188],"_links":{"self":[{"href":"http:\/\/entreriosbasquet.com\/site\/wp-json\/wp\/v2\/posts\/1589"}],"collection":[{"href":"http:\/\/entreriosbasquet.com\/site\/wp-json\/wp\/v2\/posts"}],"about":[{"href":"http:\/\/entreriosbasquet.com\/site\/wp-json\/wp\/v2\/types\/post"}],"author":[{"embeddable":true,"href":"http:\/\/entreriosbasquet.com\/site\/wp-json\/wp\/v2\/users\/5"}],"replies":[{"embeddable":true,"href":"http:\/\/entreriosbasquet.com\/site\/wp-json\/wp\/v2\/comments?post=1589"}],"version-history":[{"count":3,"href":"http:\/\/entreriosbasquet.com\/site\/wp-json\/wp\/v2\/posts\/1589\/revisions"}],"predecessor-version":[{"id":1594,"href":"http:\/\/entreriosbasquet.com\/site\/wp-json\/wp\/v2\/posts\/1589\/revisions\/1594"}],"wp:featuredmedia":[{"embeddable":true,"href":"http:\/\/entreriosbasquet.com\/site\/wp-json\/wp\/v2\/media\/1590"}],"wp:attachment":[{"href":"http:\/\/entreriosbasquet.com\/site\/wp-json\/wp\/v2\/media?parent=1589"}],"wp:term":[{"taxonomy":"category","embeddable":true,"href":"http:\/\/entreriosbasquet.com\/site\/wp-json\/wp\/v2\/categories?post=1589"},{"taxonomy":"post_tag","embeddable":true,"href":"http:\/\/entreriosbasquet.com\/site\/wp-json\/wp\/v2\/tags?post=1589"}],"curies":[{"name":"wp","href":"https:\/\/api.w.org\/{rel}","templated":true}]}}