{"id":1571,"date":"2017-07-27T12:09:40","date_gmt":"2017-07-27T15:09:40","guid":{"rendered":"http:\/\/entreriosbasquet.com\/site\/?p=1571"},"modified":"2017-07-27T12:09:40","modified_gmt":"2017-07-27T15:09:40","slug":"alejandro-zurbriggen-se-suma-a-estudiantes","status":"publish","type":"post","link":"http:\/\/entreriosbasquet.com\/site\/2017\/07\/27\/alejandro-zurbriggen-se-suma-a-estudiantes\/","title":{"rendered":"Alejandro Zurbriggen se suma a Estudiantes"},"content":{"rendered":"<p style=\"text-align: justify;\">Contin\u00faa conform\u00e1ndose el plantel que va a dirigir Lucas Victoriano en la pr\u00f3xima temporada de la Liga Nacional de B\u00e1squet y Liga Sudamericana. En las \u00faltimas horas se confirm\u00f3 la incorporaci\u00f3n de Alejandro Zurbriggen, un alero de 22 a\u00f1os que ocupara una de las fichas U23.<\/p>\n<p style=\"text-align: justify;\">El mismo, es un joven alero de 1,94mt. de altura, nacido el 18 de marzo de 1995 en la provincia de Santa Fe y viene de jugar en Salta Basket dentro del TNA.<\/p>\n<p style=\"text-align: justify;\">La nueva cara del equipo de Lucas Victoriano integr\u00f3 las filas de Regatas Corrientes defendiendo sus colores en la Liga Nacional, Parque Sur de Concepci\u00f3n del Uruguay en el TNA y Salta Basket tambi\u00e9n en el TNA. Adem\u00e1s supo integrar los planteles de las Selecciones Argentinas Sub 18 y Sub 19.<\/p>\n<p style=\"text-align: justify;\">Alejandro, se suma as\u00ed a las confirmaciones de Sebasti\u00e1n Orresta, Leandro Vildoza, Mateo Bolivar, Emilio Dom\u00ednguez, Anthony Smith, David Doblas y Rigoberto Mendoza de la Rosa como parte de la plantilla que participar\u00e1 por quinta temporada consecutiva de la m\u00e1xima categor\u00eda del b\u00e1squetbol argentino.<\/p>\n","protected":false},"excerpt":{"rendered":"<p>Contin\u00faa conform\u00e1ndose el plantel que va a dirigir Lucas Victoriano en la pr\u00f3xima temporada de la Liga Nacional de B\u00e1squet y Liga Sudamericana. En las \u00faltimas horas se confirm\u00f3 la incorporaci\u00f3n de Alejandro Zurbriggen, un alero de 22 a\u00f1os que ocupara una de las fichas U23. El mismo, es un joven alero de 1,94mt. de [&hellip;]<\/p>\n","protected":false},"author":5,"featured_media":1572,"comment_status":"closed","ping_status":"open","sticky":false,"template":"","format":"standard","meta":[],"categories":[12],"tags":[185,25,23],"_links":{"self":[{"href":"http:\/\/entreriosbasquet.com\/site\/wp-json\/wp\/v2\/posts\/1571"}],"collection":[{"href":"http:\/\/entreriosbasquet.com\/site\/wp-json\/wp\/v2\/posts"}],"about":[{"href":"http:\/\/entreriosbasquet.com\/site\/wp-json\/wp\/v2\/types\/post"}],"author":[{"embeddable":true,"href":"http:\/\/entreriosbasquet.com\/site\/wp-json\/wp\/v2\/users\/5"}],"replies":[{"embeddable":true,"href":"http:\/\/entreriosbasquet.com\/site\/wp-json\/wp\/v2\/comments?post=1571"}],"version-history":[{"count":1,"href":"http:\/\/entreriosbasquet.com\/site\/wp-json\/wp\/v2\/posts\/1571\/revisions"}],"predecessor-version":[{"id":1573,"href":"http:\/\/entreriosbasquet.com\/site\/wp-json\/wp\/v2\/posts\/1571\/revisions\/1573"}],"wp:featuredmedia":[{"embeddable":true,"href":"http:\/\/entreriosbasquet.com\/site\/wp-json\/wp\/v2\/media\/1572"}],"wp:attachment":[{"href":"http:\/\/entreriosbasquet.com\/site\/wp-json\/wp\/v2\/media?parent=1571"}],"wp:term":[{"taxonomy":"category","embeddable":true,"href":"http:\/\/entreriosbasquet.com\/site\/wp-json\/wp\/v2\/categories?post=1571"},{"taxonomy":"post_tag","embeddable":true,"href":"http:\/\/entreriosbasquet.com\/site\/wp-json\/wp\/v2\/tags?post=1571"}],"curies":[{"name":"wp","href":"https:\/\/api.w.org\/{rel}","templated":true}]}}