{"id":15227,"date":"2023-02-12T08:15:00","date_gmt":"2023-02-12T11:15:00","guid":{"rendered":"http:\/\/entreriosbasquet.com\/site\/?p=15227"},"modified":"2023-02-16T08:16:17","modified_gmt":"2023-02-16T11:16:17","slug":"con-presencia-entrerriana-finalizo-el-campus-mixto-de-cab","status":"publish","type":"post","link":"http:\/\/entreriosbasquet.com\/site\/2023\/02\/12\/con-presencia-entrerriana-finalizo-el-campus-mixto-de-cab\/","title":{"rendered":"Con presencia entrerriana, finaliz\u00f3 el Campus Mixto de CAB"},"content":{"rendered":"<p style=\"text-align: justify;\">Esta semana finaliz\u00f3 con \u00e9xito el Campus Mixto para Selecciones Formativas que se desarroll\u00f3 del 17 de enero al 10 de febrero y cont\u00f3 con la presencia de 32 jugadores y jugadoras nacidos entre 2006 y 2009, seleccionados a partir del rastrillaje realizado gracias a los PDF.<\/p>\n<p style=\"text-align: justify;\">Entre las j\u00f3venes promesas del b\u00e1squet nacional estuvo presente la gualeguaychense\u00a0Isabella Boull\u00f3n Faifer\u00a0(15 a\u00f1os). La jugadora de Central Entrerriano, campeona con el Seleccionado Nacional en el \u00faltimo Sudamericano U15 y MVP de la competencia, se sum\u00f3 a la iniciativa tras su paso por la Academia de la NBA en M\u00e9xico.<\/p>\n<p style=\"text-align: justify;\">Para destacar tambi\u00e9n la presencia de la entrenadora uruguayense\u00a0Laura Gonz\u00e1lez, parte del staff de CAB y que dirigiera el a\u00f1o pasado el Mundial de la categor\u00eda U17.<\/p>\n<p style=\"text-align: justify;\">El campamento, coordinado por Mariano Marcos, se realiz\u00f3 durante 25 d\u00edas, con trabajos en doble turno y con la presencia de 20 entrenadores, preparadores f\u00edsicos y kinesi\u00f3logos del staff de CAB, adem\u00e1s de entrenadores invitados. Como siempre en estas edades, el foco no estuvo puesto en la preparaci\u00f3n de equipos sino en la formaci\u00f3n y el desarrollo individual de los jugadores y jugadoras.<\/p>\n<p style=\"text-align: justify;\">\u201cEl campus fue uno de los mejores y de los m\u00e1s grandes en estos \u00faltimos a\u00f1os. Fue un campus mixto y muy largo de 25 d\u00edas y con muchas horas de entrenamientos. Fue un gran esfuerzo por parte de la Confederaci\u00f3n, iniciamos el a\u00f1o con mucha intensidad y trabajo. Dimos un gran paso para el crecimiento y la formaci\u00f3n de nuestras juveniles. Tuvimos a todo el staff CAB en el campus, fue intenso, pero tambi\u00e9n fue una forma de dar un inicio a las actividades para este a\u00f1o\u201d, se\u00f1al\u00f3 Karina Rodr\u00edguez, Directora del B\u00e1squet Femenino de CAB.<\/p>\n<p style=\"text-align: justify;\">En esa misma l\u00ednea, Mariano Marcos Coordinador de Selecciones Formativas Masculinas y Femeninas, agreg\u00f3: \u201cLa idea fue tener a los chicos y chicas la mayor cantidad de tiempo posible entrenando de una manera m\u00e1s profesional, inculcar h\u00e1bitos de trabajo no solo de la parte t\u00e9cnica o f\u00edsica sino que tambi\u00e9n desde la manera de alimentarse, los trabajos con psic\u00f3logos que han tenido y muchos h\u00e1bitos que ellos tienen que seguir cumpliendo si es que quieren ser profesionales y sue\u00f1an con integrar una Selecci\u00f3n Mayor en el futuro\u201d.<\/p>\n<p style=\"text-align: justify;\">Fueron 25 d\u00edas de much\u00edsima intensidad, con trabajos f\u00edsicos, t\u00e9cnicos y de aplicaci\u00f3n t\u00e1ctica, adem\u00e1s de tareas de prevenci\u00f3n de lesiones a cargo de un staff de primer nivel. El objetivo principal fue apuntar al desarrollo t\u00e9cnico integral de todos los campistas, sin encasillar en posiciones en el campo ni roles.<\/p>\n","protected":false},"excerpt":{"rendered":"<p>Esta semana finaliz\u00f3 con \u00e9xito el Campus Mixto para Selecciones Formativas que se desarroll\u00f3 del 17 de enero al 10 de febrero y cont\u00f3 con la presencia de 32 jugadores y jugadoras nacidos entre 2006 y 2009, seleccionados a partir del rastrillaje realizado gracias a los PDF. Entre las j\u00f3venes promesas del b\u00e1squet nacional estuvo [&hellip;]<\/p>\n","protected":false},"author":1,"featured_media":15228,"comment_status":"closed","ping_status":"open","sticky":false,"template":"","format":"standard","meta":[],"categories":[20],"tags":[],"_links":{"self":[{"href":"http:\/\/entreriosbasquet.com\/site\/wp-json\/wp\/v2\/posts\/15227"}],"collection":[{"href":"http:\/\/entreriosbasquet.com\/site\/wp-json\/wp\/v2\/posts"}],"about":[{"href":"http:\/\/entreriosbasquet.com\/site\/wp-json\/wp\/v2\/types\/post"}],"author":[{"embeddable":true,"href":"http:\/\/entreriosbasquet.com\/site\/wp-json\/wp\/v2\/users\/1"}],"replies":[{"embeddable":true,"href":"http:\/\/entreriosbasquet.com\/site\/wp-json\/wp\/v2\/comments?post=15227"}],"version-history":[{"count":1,"href":"http:\/\/entreriosbasquet.com\/site\/wp-json\/wp\/v2\/posts\/15227\/revisions"}],"predecessor-version":[{"id":15229,"href":"http:\/\/entreriosbasquet.com\/site\/wp-json\/wp\/v2\/posts\/15227\/revisions\/15229"}],"wp:featuredmedia":[{"embeddable":true,"href":"http:\/\/entreriosbasquet.com\/site\/wp-json\/wp\/v2\/media\/15228"}],"wp:attachment":[{"href":"http:\/\/entreriosbasquet.com\/site\/wp-json\/wp\/v2\/media?parent=15227"}],"wp:term":[{"taxonomy":"category","embeddable":true,"href":"http:\/\/entreriosbasquet.com\/site\/wp-json\/wp\/v2\/categories?post=15227"},{"taxonomy":"post_tag","embeddable":true,"href":"http:\/\/entreriosbasquet.com\/site\/wp-json\/wp\/v2\/tags?post=15227"}],"curies":[{"name":"wp","href":"https:\/\/api.w.org\/{rel}","templated":true}]}}