{"id":15125,"date":"2023-01-05T10:02:28","date_gmt":"2023-01-05T13:02:28","guid":{"rendered":"http:\/\/entreriosbasquet.com\/site\/?p=15125"},"modified":"2023-01-06T10:06:14","modified_gmt":"2023-01-06T13:06:14","slug":"nestor-bogado-dirigira-a-los-topos","status":"publish","type":"post","link":"http:\/\/entreriosbasquet.com\/site\/2023\/01\/05\/nestor-bogado-dirigira-a-los-topos\/","title":{"rendered":"N\u00e9stor Bogado dirigir\u00e1 a \u00abLos Topos\u00bb"},"content":{"rendered":"<p style=\"text-align: justify;\">N\u00e9stor Bogado fue confirmado flamante entrenador del Seleccionado Argentino de B\u00e1squet silencioso. El entrerriano conducir\u00e1 a Los Topos en el Mundial que se disputar\u00e1, del 10 al 24 de junio, en la isla de Creta, Grecia.<\/p>\n<p style=\"text-align: justify;\">El popular \u00abPechu\u00bb ocupar\u00e1 el cargo que qued\u00f3 vacante tras la salida de Ariel Britos, quien condujo a la Albiceleste en el subcampeonato obtenido en el Campeonato Panamericano que se celebr\u00f3 en noviembre de 2022 en las instalaciones del Centro Nacional de Alto Rendimiento Deportivo (CeNARD), en la ciudad Aut\u00f3noma de Buenos Aires.<\/p>\n<p>Esa performance le permiti\u00f3 a la Argentina inscribir su nombre en la cita ecum\u00e9nica.\u00a0Los Topos\u00a0acompa\u00f1ar\u00e1n en la Copa del Mundo a Venezuela, campe\u00f3n Panamericano, y Estados Unidos, seleccionado que conquist\u00f3 la tercera y \u00faltima plaza destinada para Am\u00e9rica en el Mundial.<\/p>\n<p style=\"text-align: justify;\">\u201cLa Federaci\u00f3n Argentina de B\u00e1squetbol Silencioso funciona desde hace varios. Ha participado de varios torneos nacionales e internacionales. En noviembre se jug\u00f3 el Panamericano y despu\u00e9s de esta competencia cambi\u00f3 por completo el cuerpo t\u00e9cnico. A partir de ah\u00ed realizaron un par de entrevista. Me lleg\u00f3 la oferta sin saber de que se trataba. Me interioric\u00e9, me junt\u00e9 con los dirigentes de la Federaci\u00f3n y gracias a D\u00edos fui elegido entrenador principal. Estamos subidos a este nuevo barco que es la Selecci\u00f3n Argentina de B\u00e1squet Silencioso\u201d, relat\u00f3 Bogado, en di\u00e1logo con La Ma\u00f1ana de La Red.<\/p>\n<p style=\"text-align: justify;\">La convocatoria final tom\u00f3 por sorpresa al entrenador que desarrolla su labor en el Club Atl\u00e9tico Estudiantes de Paran\u00e1. \u201cSoy del b\u00e1squet formal\u201d, se defini\u00f3. \u201cHab\u00eda escuchado anteriormente sobre\u00a0Los Topos\u00a0como la gente se ubica m\u00e1s con el f\u00fatbol y\u00a0Los Murci\u00e9lagos, pero no ten\u00eda bien en claro como era el tema de la organizaci\u00f3n. No sab\u00eda si estaba dentro de los juegos paral\u00edmpicos o no. Tienen otra federaci\u00f3n que es deporte adaptado silencioso\u201d, detall\u00f3.<\/p>\n<p style=\"text-align: justify;\">\u201cUn amigo me present\u00f3 el proyecto, me consult\u00f3 si me interesaba. Me sedujo que estaba clasificado para un Mundial. Me fui interiorizando, me present\u00e9 a distintas entrevista y ac\u00e1 estoy adentro del barco\u201d, narr\u00f3.<\/p>\n<p style=\"text-align: justify;\">La comunicaci\u00f3n ser\u00e1 un aspecto determinante que deber\u00e1 trabajar Bogado para poder transmitir su mensaje a sus dirigidos, pero tambi\u00e9n para conocer la realidad de cada uno de los chicos que ser\u00e1 evaluado en este proceso camino a la Copa del Mundo.<\/p>\n<p style=\"text-align: justify;\">\u201cDe la lengua de se\u00f1as se parte del abecedario y otras cosas por metido\u201d, se sincer\u00f3. \u201cEn los\u00a0profes\u00a0todo lo que sea idioma es bienvenido siempre. Ser\u00e1 una experiencia por mi manera de dirigir. Mis compa\u00f1eros del club se r\u00eden porque me gusta estar encima de los jugadores en los partidos. A veces sobredirijo y ac\u00e1 es lo opuesto. Ser\u00e1 cuesti\u00f3n de buscar una manera de comunicarme con los chicos. Lo tomo como un desaf\u00edo y un aprendizaje m\u00e1s all\u00e1 de lo que significa representar a la Argentina en un mundial\u201d, resalt\u00f3.<\/p>\n<p style=\"text-align: justify;\">\u201cLa idea ser\u00e1 comenzar con el aprendizaje de la lengua de se\u00f1as para comunicarme de la manera m\u00e1s sencilla. El b\u00e1squet es muy gestual y hay muchas partes que estoy aprendiendo. Adem\u00e1s en cada pa\u00eds tiene su propio lenguaje. En mi caso aprender este idioma ser\u00e1 m\u00e1s para relacionarme con los chicos y poder llegarle al grupo. Saber como se encuentran, si tienen alguna molestia f\u00edsica. En cuanto al juego utilizamos distintos gestos para comunicarnos. Hacemos n\u00fameros con las manos para se\u00f1alar determinadas jugadas o tipos de defensas\u201d, explic\u00f3.<\/p>\n<p style=\"text-align: justify;\">El b\u00e1squet silencioso tiene peque\u00f1as diferencias con la modalidad tradicional. \u201cEl juego es el mismo. De hecho hay cinco, seis jugadores que son profesionales que compiten en el Torneo Federal. La adaptaci\u00f3n estar\u00e1 en la comunicaci\u00f3n\u201d, subray\u00f3. Dentro de esta l\u00ednea, la especialidad presenta un aspecto que es clave para el juego de los protagonistas. \u201cDebajo del tablero hay luces. El silbato del \u00e1rbitro est\u00e1 conectado al tablero y cuando sanciona algo se enciende una luz que indica la detenci\u00f3n del juego\u201d, explic\u00f3 Bogado.<\/p>\n<p style=\"text-align: justify;\">Tras reunirse con los directivos de la FABS Bogado inici\u00f3 los trabajos de log\u00edstica. A partir de ah\u00ed diagram\u00f3 el plan de trabajo. El itinerario incluir\u00e1 tres concentraciones. El primer encuentro se llevar\u00e1 adelante en Paran\u00e1. \u201cLa Federaci\u00f3n me consult\u00f3 si pod\u00eda mantener el cuerpo m\u00e9dico anterior. Le dije que si porque me iba ayudar a conocer el grupo. La informaci\u00f3n que me pueden brindar ser\u00e1 muy necesaria. Hoy en d\u00eda cuento con una lista de 28 chicos y la idea es contar con ellos en la primera concentraci\u00f3n\u201d, aspir\u00f3.<\/p>\n<p style=\"text-align: justify;\">\u201cLa fecha puntual del primer encuentro no est\u00e1 confirmado, pero ser\u00eda a fines de marzo. La mayor\u00eda de los jugadores son amateur y tienen que gestionar los d\u00edas en sus trabajos. En el preseleccionado el 50 por ciento proviene del norte, pero tambi\u00e9n hay de otros puntos del pa\u00eds. Como Paran\u00e1 est\u00e1 en un punto medio entre el norte y el sur ser\u00e1 la sede del primer encuentro. La segunda concentraci\u00f3n ser\u00e1 a fines de abril en Salta. Y el \u00faltimo encuentro ser\u00e1 en Bah\u00eda Blanca, pero ya con la delegaci\u00f3n confirmada\u201d, adelant\u00f3.<\/p>\n<p style=\"text-align: justify;\">La Copa del Mundo ser\u00e1 un gran desaf\u00edo para Pechu. La intenci\u00f3n ser\u00e1 profundizar el proyecto. \u201cPara integrar\u00a0Los Topos\u00a0los chicos deber\u00e1n tener el 55 por ciento de disminuci\u00f3n auditiva. No es f\u00e1cil encontrar chicos sordos que jueguen al b\u00e1squet. Por eso uno de los objetivos ser\u00e1 el Mundial. Otro el Mundial Sub 21 que se disputar\u00e1 en 2024 y otro el recambio generacional. Esto tiene que perdurar en el tiempo. Para eso hay que buscar chicos con estas condiciones en todo el pa\u00eds\u201d, cerr\u00f3.<\/p>\n","protected":false},"excerpt":{"rendered":"<p>N\u00e9stor Bogado fue confirmado flamante entrenador del Seleccionado Argentino de B\u00e1squet silencioso. El entrerriano conducir\u00e1 a Los Topos en el Mundial que se disputar\u00e1, del 10 al 24 de junio, en la isla de Creta, Grecia. El popular \u00abPechu\u00bb ocupar\u00e1 el cargo que qued\u00f3 vacante tras la salida de Ariel Britos, quien condujo a la [&hellip;]<\/p>\n","protected":false},"author":1,"featured_media":15126,"comment_status":"closed","ping_status":"open","sticky":false,"template":"","format":"standard","meta":[],"categories":[20],"tags":[],"_links":{"self":[{"href":"http:\/\/entreriosbasquet.com\/site\/wp-json\/wp\/v2\/posts\/15125"}],"collection":[{"href":"http:\/\/entreriosbasquet.com\/site\/wp-json\/wp\/v2\/posts"}],"about":[{"href":"http:\/\/entreriosbasquet.com\/site\/wp-json\/wp\/v2\/types\/post"}],"author":[{"embeddable":true,"href":"http:\/\/entreriosbasquet.com\/site\/wp-json\/wp\/v2\/users\/1"}],"replies":[{"embeddable":true,"href":"http:\/\/entreriosbasquet.com\/site\/wp-json\/wp\/v2\/comments?post=15125"}],"version-history":[{"count":1,"href":"http:\/\/entreriosbasquet.com\/site\/wp-json\/wp\/v2\/posts\/15125\/revisions"}],"predecessor-version":[{"id":15127,"href":"http:\/\/entreriosbasquet.com\/site\/wp-json\/wp\/v2\/posts\/15125\/revisions\/15127"}],"wp:featuredmedia":[{"embeddable":true,"href":"http:\/\/entreriosbasquet.com\/site\/wp-json\/wp\/v2\/media\/15126"}],"wp:attachment":[{"href":"http:\/\/entreriosbasquet.com\/site\/wp-json\/wp\/v2\/media?parent=15125"}],"wp:term":[{"taxonomy":"category","embeddable":true,"href":"http:\/\/entreriosbasquet.com\/site\/wp-json\/wp\/v2\/categories?post=15125"},{"taxonomy":"post_tag","embeddable":true,"href":"http:\/\/entreriosbasquet.com\/site\/wp-json\/wp\/v2\/tags?post=15125"}],"curies":[{"name":"wp","href":"https:\/\/api.w.org\/{rel}","templated":true}]}}