{"id":14897,"date":"2022-10-30T09:14:34","date_gmt":"2022-10-30T12:14:34","guid":{"rendered":"http:\/\/entreriosbasquet.com\/site\/?p=14897"},"modified":"2022-11-01T09:16:02","modified_gmt":"2022-11-01T12:16:02","slug":"maximo-benavidez-convocado-a-la-preseleccion-nacional-u15","status":"publish","type":"post","link":"http:\/\/entreriosbasquet.com\/site\/2022\/10\/30\/maximo-benavidez-convocado-a-la-preseleccion-nacional-u15\/","title":{"rendered":"M\u00e1ximo Benavidez convocado a la Preselecci\u00f3n Nacional U15"},"content":{"rendered":"<p style=\"text-align: justify;\">El jugador de Parque Sur de Concepci\u00f3n del Uruguay, M\u00e1ximo Benavidez, fue convocado para formar parte de la concentraci\u00f3n de la Preselecci\u00f3n Argentina de la categor\u00eda U15.<\/p>\n<p style=\"text-align: justify;\">El entrerriano ser\u00e1 parte del plantel que entrenar\u00e1 desde el 1 de noviembre en las instalaciones del CeNARD, en Capital Federal. El grupo viajar\u00e1 a Rosario los d\u00edas 4 y 5 de noviembre y retornar\u00e1 el d\u00eda 6 nuevamente al CeNARD<\/p>\n<p style=\"text-align: justify;\">Benav\u00eddez es el capit\u00e1n del representativo U15 del \u201cSure\u00f1o\u201d, equipo con el cual disput\u00f3 la final de la Copa de Oro de la Liga Provincial en Paran\u00e1 (Parque Sur fue tercero). Tambi\u00e9n es parte de la categor\u00eda U17 del club y forma parte de las pr\u00e1cticas con el plantel de la Liga Argentina.<\/p>\n","protected":false},"excerpt":{"rendered":"<p>El jugador de Parque Sur de Concepci\u00f3n del Uruguay, M\u00e1ximo Benavidez, fue convocado para formar parte de la concentraci\u00f3n de la Preselecci\u00f3n Argentina de la categor\u00eda U15. El entrerriano ser\u00e1 parte del plantel que entrenar\u00e1 desde el 1 de noviembre en las instalaciones del CeNARD, en Capital Federal. El grupo viajar\u00e1 a Rosario los d\u00edas [&hellip;]<\/p>\n","protected":false},"author":1,"featured_media":14898,"comment_status":"closed","ping_status":"open","sticky":false,"template":"","format":"standard","meta":[],"categories":[20],"tags":[],"_links":{"self":[{"href":"http:\/\/entreriosbasquet.com\/site\/wp-json\/wp\/v2\/posts\/14897"}],"collection":[{"href":"http:\/\/entreriosbasquet.com\/site\/wp-json\/wp\/v2\/posts"}],"about":[{"href":"http:\/\/entreriosbasquet.com\/site\/wp-json\/wp\/v2\/types\/post"}],"author":[{"embeddable":true,"href":"http:\/\/entreriosbasquet.com\/site\/wp-json\/wp\/v2\/users\/1"}],"replies":[{"embeddable":true,"href":"http:\/\/entreriosbasquet.com\/site\/wp-json\/wp\/v2\/comments?post=14897"}],"version-history":[{"count":1,"href":"http:\/\/entreriosbasquet.com\/site\/wp-json\/wp\/v2\/posts\/14897\/revisions"}],"predecessor-version":[{"id":14899,"href":"http:\/\/entreriosbasquet.com\/site\/wp-json\/wp\/v2\/posts\/14897\/revisions\/14899"}],"wp:featuredmedia":[{"embeddable":true,"href":"http:\/\/entreriosbasquet.com\/site\/wp-json\/wp\/v2\/media\/14898"}],"wp:attachment":[{"href":"http:\/\/entreriosbasquet.com\/site\/wp-json\/wp\/v2\/media?parent=14897"}],"wp:term":[{"taxonomy":"category","embeddable":true,"href":"http:\/\/entreriosbasquet.com\/site\/wp-json\/wp\/v2\/categories?post=14897"},{"taxonomy":"post_tag","embeddable":true,"href":"http:\/\/entreriosbasquet.com\/site\/wp-json\/wp\/v2\/tags?post=14897"}],"curies":[{"name":"wp","href":"https:\/\/api.w.org\/{rel}","templated":true}]}}