{"id":14885,"date":"2022-10-24T10:02:22","date_gmt":"2022-10-24T13:02:22","guid":{"rendered":"http:\/\/entreriosbasquet.com\/site\/?p=14885"},"modified":"2022-10-27T10:05:29","modified_gmt":"2022-10-27T13:05:29","slug":"paolazzi-es-el-desafio-mas-grande-de-mi-carrera","status":"publish","type":"post","link":"http:\/\/entreriosbasquet.com\/site\/2022\/10\/24\/paolazzi-es-el-desafio-mas-grande-de-mi-carrera\/","title":{"rendered":"Paolazzi: \u00abEs el desaf\u00edo m\u00e1s grande de mi carrera\u00bb"},"content":{"rendered":"<p style=\"text-align: justify;\">Se acabaron las palabras para los Sure\u00f1os. Tras los partidos de entrenamiento ante equipos de la zona (Almafuerte, La Armon\u00eda en Col\u00f3n y BH en Gualeguay) y los oficiales en el cuadrangular amistoso con equipos de Liga Argentina en el Puerto Viejo -dos derrotas ante Rocamora y Estudiantes de Concordia-, Parque Sur sale a la cancha a buscar rodaje y empezar a edificar su nuevo funcionamiento y encontrar el equipo. Tiene dos extranjeros, seis caras nuevas y solamente permanecen de la Liga pasada sus bases: Legaria, Meyer y Lofrano.<\/p>\n<p style=\"text-align: justify;\">Iv\u00e1n Paolazzi dirigir\u00e1 a Parque Sur en la Liga Argentina por primera vez desde el inicio de un torneo, a partir del lunes. Reemplaz\u00f3 a Gonzalo Rodr\u00edguez Costoza en el transcurso de la \u00faltima edici\u00f3n; y si bien termin\u00f3 como el DT del equipo, esta vez el compromiso ser\u00e1 mayor. \u00abEs un desaf\u00edo, sin dudas el m\u00e1s grande de mi carrera como entrenador. Lo tomo con toda la responsabilidad que esto implica desde el armado de un plantel\u00bb, afirma el Payo, a un costado del Gigante, mientras a\u00fan rebotan las naranjas y los sonidos de la pr\u00e1ctica decoran la charla.<\/p>\n<p style=\"text-align: justify;\">Pasaron seis a\u00f1os desde que regres\u00f3 a Parque Sur, al Puerto Viejo, a su casa, a las veredas de la infancia, el b\u00e1squet y los amigos que a\u00fan alientan desde afuera. Para el DT sure\u00f1o en la Liga Argentina, el club es mucho m\u00e1s que todo eso. Es el lugar donde sigue encontrando a su hermano Maxi, el Gaucho, que la vida le arranc\u00f3 antes de su vuelta por una enfermedad. Es el sitio donde todav\u00eda lo escucha al viejo discutir apasionadamente de deportes. El Payo hered\u00f3 hasta el sobrenombre. El viejo Payo Paolazzi, ex presidente de Parque Sur, se fue justo en su vuelta a esta casa. El primer fin de semana que Iv\u00e1n iba a dirigir las formativas sure\u00f1as en la Liga Provincial -un camino que dur\u00f3 6 a\u00f1os y termin\u00f3 hace un par de semanas- su padre falleci\u00f3, el club decret\u00f3 dos d\u00edas de duelo y aquel debut se posterg\u00f3. Fue una pu\u00f1alada al coraz\u00f3n.<\/p>\n<p style=\"text-align: justify;\">\u00abEstoy en mi casa, Parque Sur es mi casa. Me siento orgulloso del lugar donde estoy y estoy seguro que mi viejo estar\u00eda orgulloso. Aprend\u00ed que hay momentos buenos y malos. Uno tiene que disfrutar los primeros, pero en los malos aprendes m\u00e1s y esos te sirven para valorar mejor los otros\u00bb, dice el Payo, emocionado e invadido por los recuerdos.<\/p>\n<p style=\"text-align: justify;\">No fue f\u00e1cil la vuelta a casa, naturalmente. Pero de esos dolores se vuelve m\u00e1s fuerte. De ah\u00ed hasta hoy pasaron gurises, aprendizajes, t\u00edtulos en formativas, asistencias en Liga Argentina y este presente como entrenador del equipo. Parque Sur es tambi\u00e9n el lugar donde coincidi\u00f3 con su mujer Camila, y donde abraza a Melo, su primer hijo. Tambi\u00e9n donde el lunes debutar\u00e1 con amigos de asistentes en el banco de suplentes, dirigiendo al club de su familia. Sentado frente al juego, como la vida, entre derrotas y victorias para charlar un rato de b\u00e1squet, en este mano a mano.<\/p>\n<p style=\"text-align: justify;\"><strong>-A una semana del debut en la Liga Argentina \u00bfC\u00f3mo vez al equipo?<\/strong><\/p>\n<p style=\"text-align: justify;\">-Lo veo bien, veo que cada d\u00eda est\u00e1 mejor, s\u00e9 que sigue siendo un equipo en formaci\u00f3n y que vamos a llegar al primer partido con cosas por corregir. Esas cosas se van a ir mejorando con el correr de los partidos, sobre todo el conocimiento entre los jugadores. Nos falta m\u00e1s rodaje.<\/p>\n<p style=\"text-align: justify;\"><strong>-Luego del cuadrangular como locales muchos se fueron preocupados. \u00bfVos, siendo el entrenador, con qu\u00e9 sensaciones te fuiste?<\/strong><\/p>\n<p style=\"text-align: justify;\">-Yo no me fui preocupado, pero no te voy a mentir, sabemos que tenemos que mejorar muchos aspectos como equipo en defensa y en ataque, pero tambi\u00e9n rescat\u00e9 el cambio que hubo de un partido al segundo. Me ilusiona saber que de un d\u00eda para otro pudieron ajustar algunas cosas. Los otros equipos no me sorprendieron.<\/p>\n<p style=\"text-align: justify;\"><strong>-Necesitaban jugar para llegar con m\u00e1s rodaje y encontrar ese conocimiento. \u00bfPor qu\u00e9 fue tan dif\u00edcil encontrar m\u00e1s amistosos?<\/strong><\/p>\n<p style=\"text-align: justify;\">-Fue muy dif\u00edcil, por la competencia que atraviesan todos los equipos de la zona. Nos complic\u00f3 el partido que se nos suspendi\u00f3 con el equipo de Paysand\u00fa. Ten\u00edamos armado ya los 5 amistosos que quer\u00edamos. Por suerte, La Armon\u00eda y BH estuvieron predispuestos de una semana para otra y estamos muy agradecidos con ellos por este gesto. Como entrenador me pongo en la piel de los otros entrenadores y los entiendo, si est\u00e1n en pleno torneo.<\/p>\n<p style=\"text-align: justify;\"><strong>-\u00bfQu\u00e9 opini\u00f3n ten\u00e9s de los dos jugadores extranjeros que han sumado?<\/strong><\/p>\n<p style=\"text-align: justify;\">-Los veo bien, con ganas de mejorar, de mostrarse. La ansiedad y las ganas de demostrar todo les ha nublado un poco el ser m\u00e1s ordenados y cumplir lo que uno pretende de ellos en la parte t\u00e1ctica. Eso los llev\u00f3 a desordenarse, se tienen que adaptar. Si bien eso puede costarles un tiempo, ellos dos como el resto de los jugadores tambi\u00e9n, uno como t\u00e9cnico necesita que empiecen a rendir y en eso estamos trabajando.<\/p>\n<p style=\"text-align: justify;\"><strong>-Necesitas un interno m\u00e1s, est\u00e1 claro. Osuna volver\u00eda en enero tras su lesi\u00f3n. \u00bfVan por eso?<\/strong><\/p>\n<p style=\"text-align: justify;\">-Necesitamos reforzar la zona pintada y hacernos fuerte debajo del tablero. El plantel no est\u00e1 cerrado y en las pr\u00f3ximas horas seguramente se concrete el arribo de un jugador para ese puesto.<\/p>\n<p style=\"text-align: justify;\"><strong>-\u00bfSe puede hablar ya de un objetivo trazado con el equipo en el pr\u00f3ximo torneo o prefer\u00eds esperar algunos partidos?<\/strong><\/p>\n<p style=\"text-align: justify;\">-Sin objetivos estar\u00edamos a la deriva. Se plantean y yo pienso en objetivos racionales. Los separo a corto, mediano y largo plazo para no confundir.<\/p>\n<p style=\"text-align: justify;\"><strong>-\u00bfY cu\u00e1les son los de Parque Sur?<\/strong><\/p>\n<p style=\"text-align: justify;\">-El objetivo de Parque a corto plazo es formar el equipo. A mediano plazo es ser competitivo con todos los rivales y hacernos fuertes de local. Y a largo plazo que los otros equipos nos reconozcan como tal y encontrar una regularidad positiva en el juego.<\/p>\n<p style=\"text-align: justify;\"><strong>-\u00bfQu\u00e9 Liga vamos a tener? \u00bfQu\u00e9 pensas de esto que reci\u00e9n amanece?<\/strong><\/p>\n<p style=\"text-align: justify;\">-Pienso una Liga pareja, exceptuando los equipos que tienen m\u00e1s nombres y m\u00e1s poder\u00edo econ\u00f3mico obviamente. Hubo muchos cambios en los planteles y creo que eso har\u00e1 que, al principio, en las primeras fechas, esto no se vea tan claro. Los equipos favoritos no se van a ver en el arranque. Igualmente nosotros tratamos de no enfocarnos en los otros equipos, sino en el nuestro. Pensaremos en cada equipo antes de enfrentarlos, no nos vamos a volver locos.<\/p>\n<p style=\"text-align: justify;\"><strong>-Ten\u00e9s que ver con la llegada de tu principal asistente. Laburaron juntos en La Plata, all\u00e1 en los comienzos con categor\u00edas de minib\u00e1squet en Capital Chica. \u00bfC\u00f3mo est\u00e1n luego de un mes de la llegada de Marcos?<\/strong><\/p>\n<p style=\"text-align: justify;\">-Estoy feliz que Marcos (Emilio) est\u00e9 ac\u00e1, era important\u00edsimo sumarlo. Es un amigo, levanta el nivel y el esp\u00edritu del equipo, como todo el cuerpo t\u00e9cnico. S\u00e9 que hizo un gran esfuerzo para venir a Parque Sur y se lo quiero agradecer p\u00fablicamente. Su arribo le har\u00e1 bien al club, tambi\u00e9n en las formativas. Es un refresco para los chicos, que puedan conocer y aprender otros planteos, otras formas. Estar\u00e1 bueno para todos y estoy muy contento.<\/p>\n","protected":false},"excerpt":{"rendered":"<p>Se acabaron las palabras para los Sure\u00f1os. Tras los partidos de entrenamiento ante equipos de la zona (Almafuerte, La Armon\u00eda en Col\u00f3n y BH en Gualeguay) y los oficiales en el cuadrangular amistoso con equipos de Liga Argentina en el Puerto Viejo -dos derrotas ante Rocamora y Estudiantes de Concordia-, Parque Sur sale a la [&hellip;]<\/p>\n","protected":false},"author":1,"featured_media":14886,"comment_status":"closed","ping_status":"open","sticky":false,"template":"","format":"standard","meta":[],"categories":[11],"tags":[32],"_links":{"self":[{"href":"http:\/\/entreriosbasquet.com\/site\/wp-json\/wp\/v2\/posts\/14885"}],"collection":[{"href":"http:\/\/entreriosbasquet.com\/site\/wp-json\/wp\/v2\/posts"}],"about":[{"href":"http:\/\/entreriosbasquet.com\/site\/wp-json\/wp\/v2\/types\/post"}],"author":[{"embeddable":true,"href":"http:\/\/entreriosbasquet.com\/site\/wp-json\/wp\/v2\/users\/1"}],"replies":[{"embeddable":true,"href":"http:\/\/entreriosbasquet.com\/site\/wp-json\/wp\/v2\/comments?post=14885"}],"version-history":[{"count":1,"href":"http:\/\/entreriosbasquet.com\/site\/wp-json\/wp\/v2\/posts\/14885\/revisions"}],"predecessor-version":[{"id":14887,"href":"http:\/\/entreriosbasquet.com\/site\/wp-json\/wp\/v2\/posts\/14885\/revisions\/14887"}],"wp:featuredmedia":[{"embeddable":true,"href":"http:\/\/entreriosbasquet.com\/site\/wp-json\/wp\/v2\/media\/14886"}],"wp:attachment":[{"href":"http:\/\/entreriosbasquet.com\/site\/wp-json\/wp\/v2\/media?parent=14885"}],"wp:term":[{"taxonomy":"category","embeddable":true,"href":"http:\/\/entreriosbasquet.com\/site\/wp-json\/wp\/v2\/categories?post=14885"},{"taxonomy":"post_tag","embeddable":true,"href":"http:\/\/entreriosbasquet.com\/site\/wp-json\/wp\/v2\/tags?post=14885"}],"curies":[{"name":"wp","href":"https:\/\/api.w.org\/{rel}","templated":true}]}}