{"id":14818,"date":"2022-10-07T19:33:52","date_gmt":"2022-10-07T22:33:52","guid":{"rendered":"http:\/\/entreriosbasquet.com\/site\/?p=14818"},"modified":"2022-10-08T19:37:16","modified_gmt":"2022-10-08T22:37:16","slug":"boullon-faifer-convocada-al-campus-cab-de-desarrollo-u15","status":"publish","type":"post","link":"http:\/\/entreriosbasquet.com\/site\/2022\/10\/07\/boullon-faifer-convocada-al-campus-cab-de-desarrollo-u15\/","title":{"rendered":"Boull\u00f3n Faifer convocada al Campus CAB de Desarrollo U15"},"content":{"rendered":"<p>Con la participaci\u00f3n de la entrerriana Isabella Boull\u00f3n Faifer (Central Entrerriano de Gualeguaych\u00fa), a partir del martes 11 de octubre en las instalaciones del CeNARD, dar\u00e1 inicio un nuevo Campus de Desarrollo de la U15 Femenina enfocado en el Sudamericano de la categor\u00eda en Chile. El torneo continental se disputar\u00e1 del 21 al 27 de noviembre, y el objetivo es arribar de la mejor manera al pa\u00eds trasandino.<\/p>\n<p>Ser\u00e1n 15 las jugadoras que participen de esta convocatoria, que significar\u00e1 la cuarta del a\u00f1o para las camadas 2007 y 2008. La citaci\u00f3n re\u00fane a j\u00f3venes de diferentes puntos de la Argentina, que en su mayor\u00eda han integrado el Plan de Desarrollo Federal y que en esta oportunidad buscar\u00e1n seguir avanzando en su formaci\u00f3n deportiva.<\/p>\n<p>Cada d\u00eda constar\u00e1 de entrenamientos en doble turno llevados adelante por un staff t\u00e9cnico de primer nivel, as\u00ed como tambi\u00e9n habr\u00e1 lugar para la concientizaci\u00f3n en materias de alimentaci\u00f3n y cuidado del cuerpo, herramientas trascendentales en el deporte de elite. Cabe aclarar que no necesariamente desde este encuentro se definir\u00e1 el plantel que viaje al Sudamericano, sino que esta resulta una instancia m\u00e1s de observaci\u00f3n, an\u00e1lisis y trabajo.<\/p>\n<p>El equipo de profesionales del campus estar\u00e1 compuesto por Gregorio Mart\u00ednez (Head Coach de Selecciones Femeninas), Mariano Marcos (Coordinador de Selecciones Formativas Femeninas), Roc\u00edo P\u00e9rez, Paula Budini, Sandra Pav\u00f3n y Eduardo Aguilar (Entrenadores), Yonathan Rodr\u00edguez (Preparador F\u00edsico), profesionales de la Kinesiolog\u00eda y Karina Rodr\u00edguez (Directora de Desarrollo del B\u00e1squet Femenino).<\/p>\n<p><strong>Lista de convocadas<\/strong><\/p>\n<p>Barrionuevo, Juana | 1.62 | 24-ene-07 | Pe\u00f1arol Mar Del Plata<br \/>\nBoull\u00f3n Faifer, Isabella | 1.83 | 2-dic-07 | Central Entrerriano de Gualeguaych\u00fa<br \/>\nBragado, Florencia | 1.65 | 16-oct-07 | V\u00e9lez Sarsfield<br \/>\nChover, Martina | 1.83 | 15-ago-07 | Quilmes A.C<br \/>\nCreolani, Catalina | 1.84 | 10-oct-08 | N\u00e1utico Sportivo Avellaneda de Rosario<br \/>\nDepetris, Sol | 1.69 | 23-mar-07 | Uni\u00f3n Florida<br \/>\nFern\u00e1ndez, Abril | 1.69 | 22-ene-07 | C.A. Lan\u00fas<br \/>\nFlores, Mar\u00eda Martina | 1.83 | 11-feb-08 | Universitario de C\u00f3rdoba<br \/>\nIngenito, Isabella | 1.77 | 05-sept-07 | Uni\u00f3n Florida<br \/>\nLeta, Roc\u00edo Denis | 1.62 | 26-jun-07 | C.A. Lan\u00fas<br \/>\nMorell Baudino, Milagros Evangelina | 1.90 | 27-abr-07 | San Lorenzo de Tostado<br \/>\nOchoa, Abril | 1.90 | 30-ago-07 | El Coat\u00ed de Misiones<br \/>\nRitondale, Lola Morena | 1.85 | 21-abr-07 | Rosario Central<br \/>\nScordo Hern\u00e1ndez, Renata | 1.82 | 17-oct-08 | Centro Galicia<br \/>\nSol\u00eds, Fiamma Milagros | 1.70 | 27-feb-07 | Los Indios de Moreno<\/p>\n","protected":false},"excerpt":{"rendered":"<p>Con la participaci\u00f3n de la entrerriana Isabella Boull\u00f3n Faifer (Central Entrerriano de Gualeguaych\u00fa), a partir del martes 11 de octubre en las instalaciones del CeNARD, dar\u00e1 inicio un nuevo Campus de Desarrollo de la U15 Femenina enfocado en el Sudamericano de la categor\u00eda en Chile. El torneo continental se disputar\u00e1 del 21 al 27 de [&hellip;]<\/p>\n","protected":false},"author":1,"featured_media":14819,"comment_status":"closed","ping_status":"open","sticky":false,"template":"","format":"standard","meta":[],"categories":[21],"tags":[],"_links":{"self":[{"href":"http:\/\/entreriosbasquet.com\/site\/wp-json\/wp\/v2\/posts\/14818"}],"collection":[{"href":"http:\/\/entreriosbasquet.com\/site\/wp-json\/wp\/v2\/posts"}],"about":[{"href":"http:\/\/entreriosbasquet.com\/site\/wp-json\/wp\/v2\/types\/post"}],"author":[{"embeddable":true,"href":"http:\/\/entreriosbasquet.com\/site\/wp-json\/wp\/v2\/users\/1"}],"replies":[{"embeddable":true,"href":"http:\/\/entreriosbasquet.com\/site\/wp-json\/wp\/v2\/comments?post=14818"}],"version-history":[{"count":1,"href":"http:\/\/entreriosbasquet.com\/site\/wp-json\/wp\/v2\/posts\/14818\/revisions"}],"predecessor-version":[{"id":14820,"href":"http:\/\/entreriosbasquet.com\/site\/wp-json\/wp\/v2\/posts\/14818\/revisions\/14820"}],"wp:featuredmedia":[{"embeddable":true,"href":"http:\/\/entreriosbasquet.com\/site\/wp-json\/wp\/v2\/media\/14819"}],"wp:attachment":[{"href":"http:\/\/entreriosbasquet.com\/site\/wp-json\/wp\/v2\/media?parent=14818"}],"wp:term":[{"taxonomy":"category","embeddable":true,"href":"http:\/\/entreriosbasquet.com\/site\/wp-json\/wp\/v2\/categories?post=14818"},{"taxonomy":"post_tag","embeddable":true,"href":"http:\/\/entreriosbasquet.com\/site\/wp-json\/wp\/v2\/tags?post=14818"}],"curies":[{"name":"wp","href":"https:\/\/api.w.org\/{rel}","templated":true}]}}